{"id":113978,"date":"2021-03-30T11:25:17","date_gmt":"2021-03-30T15:25:17","guid":{"rendered":"https:\/\/linitiative.ca\/International\/ramadan-reunion-sur-lapprovisionnement-des-marches\/"},"modified":"2021-03-30T11:25:17","modified_gmt":"2021-03-30T15:25:17","slug":"ramadan-reunion-sur-lapprovisionnement-des-marches","status":"publish","type":"post","link":"https:\/\/linitiative.ca\/International\/ramadan-reunion-sur-lapprovisionnement-des-marches\/","title":{"rendered":"Ramadan: R\u00e9union sur l\u2019approvisionnement des march\u00e9s"},"content":{"rendered":"<div class=\"single-featured\"><img alt=\"\" data-src=\"http:\/\/www.mapmarrakech.ma\/map\/uploads\/2021\/03\/r\u00e9union-ramadan-march\u00e9.jpg\"\/><\/div>\n<div class=\"single-post-excerpt post-excerpt-bc\" readability=\"35\">\n<p>Marrakech- Une r\u00e9union de coordination sur les pr\u00e9paratifs d\u2019approvisionnement des march\u00e9s au cours du mois sacr\u00e9 de Ramadan a eu lieu, lundi au si\u00e8ge de la wilaya de la r\u00e9gion Marrakech-Safi.<\/p>\n<\/div>\n<div class=\"entry-content clearfix single-post-content\" readability=\"50\">\n<p>Au cours de cette r\u00e9union, le Wali de la r\u00e9gion Marrakech-Safi, gouverneur de la pr\u00e9fecture de Marrakech, M. Karim Kassi-Lahlou, a pass\u00e9 en revue les pr\u00e9paratifs relatifs \u00e0 l\u2019approvisionnement et aux prix des denr\u00e9es alimentaires, l\u2019organisation du march\u00e9 et la coordination d\u2019op\u00e9rations de contr\u00f4le pour la protection du consommateur.<\/p>\n<p>Les diff\u00e9rentes pr\u00e9sentations et interventions ont \u00e9t\u00e9 unanimes \u00e0 affirmer la disponibilit\u00e9 des denr\u00e9es alimentaires, la r\u00e9gularit\u00e9 de l\u2019approvisionnement et la stabilit\u00e9 des prix des produits largement consomm\u00e9s durant ce mois sacr\u00e9.<\/p>\n<p>Dans ce sens, le wali a fait appel aux diff\u00e9rents services de contr\u00f4le pour accroitre leur pr\u00e9sence sur le terrain et intervenir de mani\u00e8re d\u00e9cisive pour pr\u00e9server le pouvoir d\u2019achat des consommateurs et prot\u00e9ger leur sant\u00e9 et s\u00e9curit\u00e9.<\/p>\n<\/div>\n<p>Auteur: Mohammed KOURSI<br \/>\n<a href=\"http:\/\/www.mapmarrakech.ma\/fr\/ramadan-reunion-sur-lapprovisionnement-des-marches\/\">Cliquez ici pour lire l&rsquo;article depuis sa source.<\/a><\/p>\n","protected":false},"excerpt":{"rendered":"<p>Marrakech- Une r\u00e9union de coordination sur les pr\u00e9paratifs d\u2019approvisionnement des march\u00e9s au cours du mois sacr\u00e9 de Ramadan a eu lieu, lundi au si\u00e8ge de la wilaya de la r\u00e9gion Marrakech-Safi. Au cours de cette r\u00e9union, le Wali de la r\u00e9gion Marrakech-Safi, gouverneur de la pr\u00e9fecture de Marrakech, M. Karim Kassi-Lahlou, a pass\u00e9 en revue [&hellip;]<\/p>\n","protected":false},"author":1788,"featured_media":0,"comment_status":"closed","ping_status":"closed","sticky":false,"template":"","format":"standard","meta":{"fifu_image_url":"http:\/\/www.mapmarrakech.ma\/map\/uploads\/2021\/03\/r\u00e9union-ramadan-march\u00e9.jpg","fifu_image_alt":"Ramadan: R\u00e9union sur l\u2019approvisionnement des march\u00e9s","footnotes":""},"categories":[54,76],"tags":[],"class_list":["post-113978","post","type-post","status-publish","format-standard","hentry","category-maroc","category-regions"],"_links":{"self":[{"href":"https:\/\/linitiative.ca\/International\/wp-json\/wp\/v2\/posts\/113978","targetHints":{"allow":["GET"]}}],"collection":[{"href":"https:\/\/linitiative.ca\/International\/wp-json\/wp\/v2\/posts"}],"about":[{"href":"https:\/\/linitiative.ca\/International\/wp-json\/wp\/v2\/types\/post"}],"author":[{"embeddable":true,"href":"https:\/\/linitiative.ca\/International\/wp-json\/wp\/v2\/users\/1788"}],"replies":[{"embeddable":true,"href":"https:\/\/linitiative.ca\/International\/wp-json\/wp\/v2\/comments?post=113978"}],"version-history":[{"count":0,"href":"https:\/\/linitiative.ca\/International\/wp-json\/wp\/v2\/posts\/113978\/revisions"}],"wp:attachment":[{"href":"https:\/\/linitiative.ca\/International\/wp-json\/wp\/v2\/media?parent=113978"}],"wp:term":[{"taxonomy":"category","embeddable":true,"href":"https:\/\/linitiative.ca\/International\/wp-json\/wp\/v2\/categories?post=113978"},{"taxonomy":"post_tag","embeddable":true,"href":"https:\/\/linitiative.ca\/International\/wp-json\/wp\/v2\/tags?post=113978"}],"curies":[{"name":"wp","href":"https:\/\/api.w.org\/{rel}","templated":true}]}}