{"id":113979,"date":"2021-03-30T13:24:20","date_gmt":"2021-03-30T17:24:20","guid":{"rendered":"https:\/\/linitiative.ca\/International\/ramadan-retour-a-lheure-legale-gmt-le-11-avril-a-03h00\/"},"modified":"2021-03-30T13:24:20","modified_gmt":"2021-03-30T17:24:20","slug":"ramadan-retour-a-lheure-legale-gmt-le-11-avril-a-03h00","status":"publish","type":"post","link":"https:\/\/linitiative.ca\/International\/ramadan-retour-a-lheure-legale-gmt-le-11-avril-a-03h00\/","title":{"rendered":"Ramadan: Retour \u00e0 l\u2019heure l\u00e9gale (GMT) le 11 avril \u00e0 03h00"},"content":{"rendered":"<div class=\"single-featured\"><img alt=\"\" data-src=\"http:\/\/www.mapmarrakech.ma\/map\/uploads\/2021\/03\/heure.jpg\"\/><\/div>\n<div class=\"single-post-excerpt post-excerpt-bc\" readability=\"37\">\n<p>A l\u2019occasion du mois sacr\u00e9 de Ramadan, le Maroc va repasser \u00e0 l\u2019heure l\u00e9gale GMT le dimanche 11 avril \u00e0 03H00, annonce le minist\u00e8re de l\u2019Economie, des Finances et de la R\u00e9forme de l\u2019administration -d\u00e9partement de la R\u00e9forme de l\u2019administration.<\/p>\n<\/div>\n<div class=\"entry-content clearfix single-post-content\" readability=\"44\">\n<p>Ainsi, l\u2019heure du Royaume sera retard\u00e9e de 60 minutes le dimanche 11 avril \u00e0 03H00 et ce conform\u00e9ment \u00e0 l\u2019article 2 du d\u00e9cret n\u00b0 2.18.855 publi\u00e9 le 16 Safar 1440 (26 octobre 2018), relatif \u00e0 l\u2019heure l\u00e9gale et \u00e0 l\u2019arr\u00eat\u00e9 du Chef du gouvernement n\u00b0 21.17.03 publi\u00e9 le 16 Cha\u00e2bane 1442 (30 mars 2021), relatif \u00e9galement \u00e0 l\u2019heure l\u00e9gale, pr\u00e9cise le minist\u00e8re dans un communiqu\u00e9.<\/p>\n<p>Apr\u00e8s le mois de Ramadan, l\u2019heure l\u00e9gale du Royaume sera avanc\u00e9e de 60 minutes (GMT +1) le dimanche 16 mai 2021 \u00e0 02h00, selon la m\u00eame source.<\/p>\n<\/div>\n<p>Auteur: Mohammed KOURSI<br \/>\n<a href=\"http:\/\/www.mapmarrakech.ma\/fr\/ramadan-retour-a-lheure-legale-gmt-le-11-avril-a-03h00\/\">Cliquez ici pour lire l&rsquo;article depuis sa source.<\/a><\/p>\n","protected":false},"excerpt":{"rendered":"<p>A l\u2019occasion du mois sacr\u00e9 de Ramadan, le Maroc va repasser \u00e0 l\u2019heure l\u00e9gale GMT le dimanche 11 avril \u00e0 03H00, annonce le minist\u00e8re de l\u2019Economie, des Finances et de la R\u00e9forme de l\u2019administration -d\u00e9partement de la R\u00e9forme de l\u2019administration. Ainsi, l\u2019heure du Royaume sera retard\u00e9e de 60 minutes le dimanche 11 avril \u00e0 03H00 [&hellip;]<\/p>\n","protected":false},"author":1788,"featured_media":0,"comment_status":"closed","ping_status":"closed","sticky":false,"template":"","format":"standard","meta":{"fifu_image_url":"http:\/\/www.mapmarrakech.ma\/map\/uploads\/2021\/03\/heure.jpg","fifu_image_alt":"Ramadan: Retour \u00e0 l\u2019heure l\u00e9gale (GMT) le 11 avril \u00e0 03h00","footnotes":""},"categories":[54,76],"tags":[],"class_list":["post-113979","post","type-post","status-publish","format-standard","hentry","category-maroc","category-regions"],"_links":{"self":[{"href":"https:\/\/linitiative.ca\/International\/wp-json\/wp\/v2\/posts\/113979","targetHints":{"allow":["GET"]}}],"collection":[{"href":"https:\/\/linitiative.ca\/International\/wp-json\/wp\/v2\/posts"}],"about":[{"href":"https:\/\/linitiative.ca\/International\/wp-json\/wp\/v2\/types\/post"}],"author":[{"embeddable":true,"href":"https:\/\/linitiative.ca\/International\/wp-json\/wp\/v2\/users\/1788"}],"replies":[{"embeddable":true,"href":"https:\/\/linitiative.ca\/International\/wp-json\/wp\/v2\/comments?post=113979"}],"version-history":[{"count":0,"href":"https:\/\/linitiative.ca\/International\/wp-json\/wp\/v2\/posts\/113979\/revisions"}],"wp:attachment":[{"href":"https:\/\/linitiative.ca\/International\/wp-json\/wp\/v2\/media?parent=113979"}],"wp:term":[{"taxonomy":"category","embeddable":true,"href":"https:\/\/linitiative.ca\/International\/wp-json\/wp\/v2\/categories?post=113979"},{"taxonomy":"post_tag","embeddable":true,"href":"https:\/\/linitiative.ca\/International\/wp-json\/wp\/v2\/tags?post=113979"}],"curies":[{"name":"wp","href":"https:\/\/api.w.org\/{rel}","templated":true}]}}