{"id":113980,"date":"2021-03-29T14:53:25","date_gmt":"2021-03-29T18:53:25","guid":{"rendered":"https:\/\/linitiative.ca\/International\/aeroport-doujda-36-762-passagers-a-fin-fevrier\/"},"modified":"2021-03-29T14:53:25","modified_gmt":"2021-03-29T18:53:25","slug":"aeroport-doujda-36-762-passagers-a-fin-fevrier","status":"publish","type":"post","link":"https:\/\/linitiative.ca\/International\/aeroport-doujda-36-762-passagers-a-fin-fevrier\/","title":{"rendered":"A\u00e9roport d\u2019Oujda : 36.762 passagers \u00e0 fin f\u00e9vrier"},"content":{"rendered":"<p class=\"c4\">Quelque 36.762 passagers ont \u00e9t\u00e9 enregistr\u00e9s au niveau de l\u2019a\u00e9roport Oujda-Angad durant les deux premiers mois de cette ann\u00e9e, selon un rapport de l\u2019Office national des a\u00e9roports (ONDA).<\/p>\n<p class=\"c4\">Les passagers ayant transit\u00e9 via cet a\u00e9roport \u00e0 fin f\u00e9vrier sont au nombre de 36.762 contre 86.726 durant la m\u00eame p\u00e9riode une ann\u00e9e auparavant, soit une diminution de 57,61 % et une part de 3,46 pc, pr\u00e9cise-t-on.<\/p>\n<p class=\"c4\">Pour ce qui est des r\u00e9sultats du seul mois de f\u00e9vrier dernier, la m\u00eame source fait savoir que le nombre de passagers enregistr\u00e9s au niveau de l\u2019a\u00e9roport d\u2019Oujda s\u2019est chiffr\u00e9 \u00e0 12.887 voyageurs contre 43.596 passagers durant le m\u00eame mois de l\u2019ann\u00e9e 2020, soit une baisse de 70,44 pc.<\/p>\n<p class=\"c4\">Ce r\u00e9sultat du mois de f\u00e9vrier qui repr\u00e9sente 3,07 pc du volume du trafic a\u00e9rien au niveau des diff\u00e9rents a\u00e9roports du Royaume, place cet a\u00e9roport \u00e0 la 10\u00e8me place \u00e0 l\u2019\u00e9chelon national et \u00e0 la deuxi\u00e8me place sur le plan r\u00e9gional derri\u00e8re l\u2019a\u00e9roport Nador-Al Aroui (4\u00e8me place).<\/p>\n<p class=\"c4\">L\u2019a\u00e9roport Oujda-Angad est li\u00e9 \u00e0 plusieurs a\u00e9roports europ\u00e9ens, notamment de France (Paris, Marseille, Beauvais et Strasbourg), de Belgique (Bruxelles, Charleroi), d\u2019Allemagne (D\u00fcsseldorf) et des Pays-Bas (Amsterdam).<\/p>\n<p class=\"c4\">Les a\u00e9roports du Royaume ont enregistr\u00e9 en f\u00e9vrier 2021 un volume de trafic commercial passager de 420.384 passagers contre 195.2145 passagers accueillis en f\u00e9vrier 2020, soit une baisse de l\u2019ordre de 78,47 pc, rappelle-t-on.<\/p>\n<p>Auteur: Soufiane ELAHMAR<br \/>\n<a href=\"http:\/\/www.mapoujda.ma\/fr\/aeroport-doujda-36-762-passagers-a-fin-fevrier\/\">Cliquez ici pour lire l&rsquo;article depuis sa source.<\/a><\/p>\n","protected":false},"excerpt":{"rendered":"<p>Quelque 36.762 passagers ont \u00e9t\u00e9 enregistr\u00e9s au niveau de l\u2019a\u00e9roport Oujda-Angad durant les deux premiers mois de cette ann\u00e9e, selon un rapport de l\u2019Office national des a\u00e9roports (ONDA). Les passagers ayant transit\u00e9 via cet a\u00e9roport \u00e0 fin f\u00e9vrier sont au nombre de 36.762 contre 86.726 durant la m\u00eame p\u00e9riode une ann\u00e9e auparavant, soit une diminution [&hellip;]<\/p>\n","protected":false},"author":1788,"featured_media":0,"comment_status":"closed","ping_status":"closed","sticky":false,"template":"","format":"standard","meta":{"fifu_image_url":"","fifu_image_alt":"","footnotes":""},"categories":[54,76],"tags":[],"class_list":["post-113980","post","type-post","status-publish","format-standard","hentry","category-maroc","category-regions"],"_links":{"self":[{"href":"https:\/\/linitiative.ca\/International\/wp-json\/wp\/v2\/posts\/113980","targetHints":{"allow":["GET"]}}],"collection":[{"href":"https:\/\/linitiative.ca\/International\/wp-json\/wp\/v2\/posts"}],"about":[{"href":"https:\/\/linitiative.ca\/International\/wp-json\/wp\/v2\/types\/post"}],"author":[{"embeddable":true,"href":"https:\/\/linitiative.ca\/International\/wp-json\/wp\/v2\/users\/1788"}],"replies":[{"embeddable":true,"href":"https:\/\/linitiative.ca\/International\/wp-json\/wp\/v2\/comments?post=113980"}],"version-history":[{"count":0,"href":"https:\/\/linitiative.ca\/International\/wp-json\/wp\/v2\/posts\/113980\/revisions"}],"wp:attachment":[{"href":"https:\/\/linitiative.ca\/International\/wp-json\/wp\/v2\/media?parent=113980"}],"wp:term":[{"taxonomy":"category","embeddable":true,"href":"https:\/\/linitiative.ca\/International\/wp-json\/wp\/v2\/categories?post=113980"},{"taxonomy":"post_tag","embeddable":true,"href":"https:\/\/linitiative.ca\/International\/wp-json\/wp\/v2\/tags?post=113980"}],"curies":[{"name":"wp","href":"https:\/\/api.w.org\/{rel}","templated":true}]}}