{"id":113981,"date":"2021-03-29T17:08:55","date_gmt":"2021-03-29T21:08:55","guid":{"rendered":"https:\/\/linitiative.ca\/International\/maison-de-personnes-agees-des-efforts-soutenus-pour-des-services-de-qualite\/"},"modified":"2021-03-29T17:08:55","modified_gmt":"2021-03-29T21:08:55","slug":"maison-de-personnes-agees-des-efforts-soutenus-pour-des-services-de-qualite","status":"publish","type":"post","link":"https:\/\/linitiative.ca\/International\/maison-de-personnes-agees-des-efforts-soutenus-pour-des-services-de-qualite\/","title":{"rendered":"Maison de personnes \u00e2g\u00e9es: Des efforts soutenus pour des services de qualit\u00e9"},"content":{"rendered":"<p class=\"c4\">L\u2019Association musulmane de bienfaisance pour la protection des personnes \u00e2g\u00e9es \u00e0 Guercif, qui s\u2019occupe de la gestion du Centre social pour personnes \u00e2g\u00e9es depuis son ouverture en 2008, s\u2019attelle \u00e0 d\u00e9velopper et \u00e0 am\u00e9liorer la qualit\u00e9 des services d\u00e9di\u00e9s aux pensionnaires de ce Centre.<\/p>\n<p class=\"c4\">Les efforts soutenus d\u00e9ploy\u00e9s dans ce sens ont port\u00e9 r\u00e9cemment sur la mise \u00e0 niveau des diff\u00e9rentes d\u00e9pendances, permettant ainsi la modernisation du bloc r\u00e9serv\u00e9e aux femmes et la mise en place des \u00e9quipements indispensables pour assurer aux pensionnaires un environnement confortable.<\/p>\n<p class=\"c4\">S\u2019exprimant lors d\u2019une visite dans ce Centre pour personnes \u00e2g\u00e9es, effectu\u00e9e r\u00e9cemment et marqu\u00e9e par la remise d\u2019un v\u00e9hicule au profit de l\u2019association gestionnaire, le gouverneur de la province de Guercif, Hassan Belmahi, a salu\u00e9 l\u2019int\u00e9r\u00eat accord\u00e9 au bien-\u00eatre de cette cat\u00e9gorie sociale gr\u00e2ce \u00e0 la conjugaison des efforts de l\u2019Etat et des diff\u00e9rents partenaires, \u00e0 savoir les \u00e9lus, les associations et les bienfaiteurs.<\/p>\n<p class=\"c4\">Le gouverneur a soulign\u00e9 par l\u2019occasion le r\u00f4le que joue l\u2019association musulmane de bienfaisance pour la protection des personnes \u00e2g\u00e9es, faisant remarquer que cette cat\u00e9gorie sociale requiert une protection et un int\u00e9r\u00eat particuliers, et que la province de Guercif ne m\u00e9nage aucun effort pour la promotion de la situation des cat\u00e9gories vuln\u00e9rables, dont les personnes \u00e2g\u00e9es, les personnes en situation de handicap ou les orphelins.<\/p>\n<p class=\"c4\">De son c\u00f4t\u00e9, le directeur du Centre social pour personnes \u00e2g\u00e9es, Ahmed Darmane a soulign\u00e9, dans une d\u00e9claration \u00e0 la Map, que les efforts de modernisation dudit Centre ont concern\u00e9 la mise \u00e0 niveau du bloc d\u00e9di\u00e9 aux femmes, qui a \u00e9t\u00e9 dot\u00e9 d\u2019un petit hammam traditionnel (sona), en sus de l\u2019\u00e9quipement des chambres pour rehausser le niveau de confort, l\u2019\u00e9quipement d\u2019une salle de r\u00e9\u00e9ducation, et la cr\u00e9ation d\u2019une chambre pour l\u2019infirmier du centre.<\/p>\n<p class=\"c4\">Les travaux ont port\u00e9 aussi sur la cr\u00e9ation d\u2019un local de stockage des produits alimentaires et des \u00e9quipements et mat\u00e9riels de cuisine, a-t-il ajout\u00e9, mettant l\u2019accent par ailleurs sur l\u2019achat de deux v\u00e9hicules pour assurer le d\u00e9placement des personnes \u00e2g\u00e9es vers les centres de sant\u00e9, aussi bien \u00e0 l\u2019int\u00e9rieur qu\u2019en dehors du territoire de la province.<\/p>\n<p class=\"c4\">M. Darmane a ajout\u00e9 que l\u2019association musulmane de bienfaisance a proc\u00e9d\u00e9, dans le cadre des conventions de partenariat la liant avec l\u2019INDH, le minist\u00e8re de la Solidarit\u00e9 et de la Famille et le conseil provincial de Guercif, \u00e0 la modernisation du centre social pour personnes \u00e2g\u00e9es avec une enveloppe budg\u00e9taire d\u2019environ 650.000 DH, affirmant que les travaux de mise \u00e0 niveau et les nouveaux \u00e9quipements vont permettre de renforcer les services dispens\u00e9s par le centre, notamment au profit des femmes \u00e2g\u00e9es en situation de vuln\u00e9rabilit\u00e9.<\/p>\n<p class=\"c4\">Le centre dispose de trois espaces verts et de trois salles pour l\u2019accueil des visiteurs et des acteurs de la soci\u00e9t\u00e9 civile, qui organisent des visites ainsi que des activit\u00e9s sp\u00e9cifiques pour les pensionnaires, qui sont au nombre de 24 (hommes et femmes), b\u00e9n\u00e9ficiant des prestations sociales et du soutien n\u00e9cessaires.<\/p>\n<p>Auteur: Soufiane ELAHMAR<br \/>\n<a href=\"http:\/\/www.mapoujda.ma\/fr\/maison-de-personnes-agees-des-efforts-soutenus-pour-des-services-de-qualite\/\">Cliquez ici pour lire l&rsquo;article depuis sa source.<\/a><\/p>\n","protected":false},"excerpt":{"rendered":"<p>L\u2019Association musulmane de bienfaisance pour la protection des personnes \u00e2g\u00e9es \u00e0 Guercif, qui s\u2019occupe de la gestion du Centre social pour personnes \u00e2g\u00e9es depuis son ouverture en 2008, s\u2019attelle \u00e0 d\u00e9velopper et \u00e0 am\u00e9liorer la qualit\u00e9 des services d\u00e9di\u00e9s aux pensionnaires de ce Centre. Les efforts soutenus d\u00e9ploy\u00e9s dans ce sens ont port\u00e9 r\u00e9cemment sur [&hellip;]<\/p>\n","protected":false},"author":1788,"featured_media":0,"comment_status":"closed","ping_status":"closed","sticky":false,"template":"","format":"standard","meta":{"fifu_image_url":"","fifu_image_alt":"","footnotes":""},"categories":[54,76],"tags":[],"class_list":["post-113981","post","type-post","status-publish","format-standard","hentry","category-maroc","category-regions"],"_links":{"self":[{"href":"https:\/\/linitiative.ca\/International\/wp-json\/wp\/v2\/posts\/113981","targetHints":{"allow":["GET"]}}],"collection":[{"href":"https:\/\/linitiative.ca\/International\/wp-json\/wp\/v2\/posts"}],"about":[{"href":"https:\/\/linitiative.ca\/International\/wp-json\/wp\/v2\/types\/post"}],"author":[{"embeddable":true,"href":"https:\/\/linitiative.ca\/International\/wp-json\/wp\/v2\/users\/1788"}],"replies":[{"embeddable":true,"href":"https:\/\/linitiative.ca\/International\/wp-json\/wp\/v2\/comments?post=113981"}],"version-history":[{"count":0,"href":"https:\/\/linitiative.ca\/International\/wp-json\/wp\/v2\/posts\/113981\/revisions"}],"wp:attachment":[{"href":"https:\/\/linitiative.ca\/International\/wp-json\/wp\/v2\/media?parent=113981"}],"wp:term":[{"taxonomy":"category","embeddable":true,"href":"https:\/\/linitiative.ca\/International\/wp-json\/wp\/v2\/categories?post=113981"},{"taxonomy":"post_tag","embeddable":true,"href":"https:\/\/linitiative.ca\/International\/wp-json\/wp\/v2\/tags?post=113981"}],"curies":[{"name":"wp","href":"https:\/\/api.w.org\/{rel}","templated":true}]}}