{"id":113983,"date":"2021-03-30T13:18:51","date_gmt":"2021-03-30T17:18:51","guid":{"rendered":"https:\/\/linitiative.ca\/International\/ramadan-adoption-de-lhoraire-continu-09h-15h\/"},"modified":"2021-03-30T13:18:51","modified_gmt":"2021-03-30T17:18:51","slug":"ramadan-adoption-de-lhoraire-continu-09h-15h","status":"publish","type":"post","link":"https:\/\/linitiative.ca\/International\/ramadan-adoption-de-lhoraire-continu-09h-15h\/","title":{"rendered":"Ramadan: Adoption de l\u2019horaire continu (09h-15h)"},"content":{"rendered":"<div class=\"single-featured\"><img alt=\"\" data-src=\"http:\/\/www.mapoujda.ma\/map\/uploads\/2020\/11\/Centre-dimmatriculation-M750\u00d7430-MAP.jpg\"\/><\/div>\n<div class=\"entry-content clearfix single-post-content\" readability=\"45\">\n<p class=\"c4\">Les horaires de travail dans les administrations, les \u00e9tablissements publics et les collectivit\u00e9s territoriales conna\u00eetront un changement durant le mois sacr\u00e9 du ramadan par l\u2019adoption de l\u2019horaire continu de 09h \u00e0 15h, et ce du lundi au vendredi, indique mardi un communiqu\u00e9 du minist\u00e8re de l\u2019Economie, des Finances et de la R\u00e9forme de l\u2019administration- D\u00e9partement de la R\u00e9forme de l\u2019administration.<\/p>\n<p class=\"c4\">Ce changement d\u2019horaire intervient conform\u00e9ment \u00e0 l\u2019arr\u00eat\u00e9 du ministre charg\u00e9 de la modernisation des secteurs publics n\u00b0 05.1899 publi\u00e9 le 25 Cha\u00e2bane 1426 (30 septembre 2005) fixant les horaires de travail dans les administrations de l\u2019\u00c9tat et les collectivit\u00e9s locales durant le mois du Ramadan, pr\u00e9cise la m\u00eame source.<\/p>\n<\/div>\n<p>Auteur: Soufiane ELAHMAR<br \/>\n<a href=\"http:\/\/www.mapoujda.ma\/fr\/ramadan-adoption-de-lhoraire-continu-09h-15h\/\">Cliquez ici pour lire l&rsquo;article depuis sa source.<\/a><\/p>\n","protected":false},"excerpt":{"rendered":"<p>Les horaires de travail dans les administrations, les \u00e9tablissements publics et les collectivit\u00e9s territoriales conna\u00eetront un changement durant le mois sacr\u00e9 du ramadan par l\u2019adoption de l\u2019horaire continu de 09h \u00e0 15h, et ce du lundi au vendredi, indique mardi un communiqu\u00e9 du minist\u00e8re de l\u2019Economie, des Finances et de la R\u00e9forme de l\u2019administration- D\u00e9partement [&hellip;]<\/p>\n","protected":false},"author":1788,"featured_media":0,"comment_status":"closed","ping_status":"closed","sticky":false,"template":"","format":"standard","meta":{"fifu_image_url":"http:\/\/www.mapoujda.ma\/map\/uploads\/2020\/11\/Centre-dimmatriculation-M750\u00d7430-MAP.jpg","fifu_image_alt":"Ramadan: Adoption de l\u2019horaire continu (09h-15h)","footnotes":""},"categories":[54,76],"tags":[],"class_list":["post-113983","post","type-post","status-publish","format-standard","hentry","category-maroc","category-regions"],"_links":{"self":[{"href":"https:\/\/linitiative.ca\/International\/wp-json\/wp\/v2\/posts\/113983","targetHints":{"allow":["GET"]}}],"collection":[{"href":"https:\/\/linitiative.ca\/International\/wp-json\/wp\/v2\/posts"}],"about":[{"href":"https:\/\/linitiative.ca\/International\/wp-json\/wp\/v2\/types\/post"}],"author":[{"embeddable":true,"href":"https:\/\/linitiative.ca\/International\/wp-json\/wp\/v2\/users\/1788"}],"replies":[{"embeddable":true,"href":"https:\/\/linitiative.ca\/International\/wp-json\/wp\/v2\/comments?post=113983"}],"version-history":[{"count":0,"href":"https:\/\/linitiative.ca\/International\/wp-json\/wp\/v2\/posts\/113983\/revisions"}],"wp:attachment":[{"href":"https:\/\/linitiative.ca\/International\/wp-json\/wp\/v2\/media?parent=113983"}],"wp:term":[{"taxonomy":"category","embeddable":true,"href":"https:\/\/linitiative.ca\/International\/wp-json\/wp\/v2\/categories?post=113983"},{"taxonomy":"post_tag","embeddable":true,"href":"https:\/\/linitiative.ca\/International\/wp-json\/wp\/v2\/tags?post=113983"}],"curies":[{"name":"wp","href":"https:\/\/api.w.org\/{rel}","templated":true}]}}