{"id":113987,"date":"2021-03-30T13:38:17","date_gmt":"2021-03-30T17:38:17","guid":{"rendered":"https:\/\/linitiative.ca\/International\/dar-bouazza-marjane-lance-son-nouveau-marjane-market\/"},"modified":"2021-03-30T13:38:17","modified_gmt":"2021-03-30T17:38:17","slug":"dar-bouazza-marjane-lance-son-nouveau-marjane-market","status":"publish","type":"post","link":"https:\/\/linitiative.ca\/International\/dar-bouazza-marjane-lance-son-nouveau-marjane-market\/","title":{"rendered":"Dar Bouazza: Marjane lance son nouveau Marjane Market"},"content":{"rendered":"<p class=\"rtejustify\">Marjane Holding poursuit le d\u00e9veloppement de son r\u00e9seau. Le Groupe vient d&rsquo;ouvrir un\u00a0nouveau Marjane Market \u00e0 Dar Bouazza El Menzeh (Casablanca). Montant de cet investissement: 20 millions de DH.<\/p>\n<p class=\"rtejustify\">Cette nouvelle adresse porte ainsi \u00e0 51 le nombre de magasins Marjane Market lanc\u00e9s par la holding depuis la cr\u00e9ation du concept en 2018.\u00a0Au total, Marjane Market s&rsquo;est implant\u00e9 dans 21 villes sur le territoire et emploie pr\u00e8s de 2.000 personnes. Ce nouveau Marjane Market\u00a0a aussi permis la cr\u00e9ation de 70 emplois directs et indirects. A noter que le magasin disposera bient\u00f4t d&rsquo;un food court.<\/p>\n<p>Auteur: hgueye<br \/>\n<a href=\"https:\/\/www.leconomiste.com\/flash-infos\/dar-bouazza-marjane-lance-son-nouveau-marjane-market\">Cliquez ici pour lire l&rsquo;article depuis sa source.<\/a><\/p>\n","protected":false},"excerpt":{"rendered":"<p>Marjane Holding poursuit le d\u00e9veloppement de son r\u00e9seau. Le Groupe vient d&rsquo;ouvrir un\u00a0nouveau Marjane Market \u00e0 Dar Bouazza El Menzeh (Casablanca). Montant de cet investissement: 20 millions de DH. Cette nouvelle adresse porte ainsi \u00e0 51 le nombre de magasins Marjane Market lanc\u00e9s par la holding depuis la cr\u00e9ation du concept en 2018.\u00a0Au total, Marjane [&hellip;]<\/p>\n","protected":false},"author":1763,"featured_media":0,"comment_status":"closed","ping_status":"closed","sticky":false,"template":"","format":"standard","meta":{"fifu_image_url":"","fifu_image_alt":"","footnotes":""},"categories":[78,54],"tags":[],"class_list":["post-113987","post","type-post","status-publish","format-standard","hentry","category-economie","category-maroc"],"_links":{"self":[{"href":"https:\/\/linitiative.ca\/International\/wp-json\/wp\/v2\/posts\/113987","targetHints":{"allow":["GET"]}}],"collection":[{"href":"https:\/\/linitiative.ca\/International\/wp-json\/wp\/v2\/posts"}],"about":[{"href":"https:\/\/linitiative.ca\/International\/wp-json\/wp\/v2\/types\/post"}],"author":[{"embeddable":true,"href":"https:\/\/linitiative.ca\/International\/wp-json\/wp\/v2\/users\/1763"}],"replies":[{"embeddable":true,"href":"https:\/\/linitiative.ca\/International\/wp-json\/wp\/v2\/comments?post=113987"}],"version-history":[{"count":0,"href":"https:\/\/linitiative.ca\/International\/wp-json\/wp\/v2\/posts\/113987\/revisions"}],"wp:attachment":[{"href":"https:\/\/linitiative.ca\/International\/wp-json\/wp\/v2\/media?parent=113987"}],"wp:term":[{"taxonomy":"category","embeddable":true,"href":"https:\/\/linitiative.ca\/International\/wp-json\/wp\/v2\/categories?post=113987"},{"taxonomy":"post_tag","embeddable":true,"href":"https:\/\/linitiative.ca\/International\/wp-json\/wp\/v2\/tags?post=113987"}],"curies":[{"name":"wp","href":"https:\/\/api.w.org\/{rel}","templated":true}]}}