{"id":113988,"date":"2021-03-30T13:45:21","date_gmt":"2021-03-30T17:45:21","guid":{"rendered":"https:\/\/linitiative.ca\/International\/covid19-665-nouveaux-cas-431-millions-de-personnes-vaccinees\/"},"modified":"2021-03-30T13:45:21","modified_gmt":"2021-03-30T17:45:21","slug":"covid19-665-nouveaux-cas-431-millions-de-personnes-vaccinees","status":"publish","type":"post","link":"https:\/\/linitiative.ca\/International\/covid19-665-nouveaux-cas-431-millions-de-personnes-vaccinees\/","title":{"rendered":"Covid19: 665 nouveaux cas, 4,31 millions de personnes vaccin\u00e9es"},"content":{"rendered":"<p class=\"rtejustify\">Un total de <span class=\"c4\">665\u00a0<\/span>nouveaux cas d&rsquo;infection au coronavirus et de <span class=\"c4\">580\u00a0<\/span> gu\u00e9risons a \u00e9t\u00e9 enregistr\u00e9 au cours des derni\u00e8res 24 heures au Maroc, a annonc\u00e9 ce mardi le minist\u00e8re de la Sant\u00e9.<\/p>\n<p class=\"rtejustify\">Le nombre des personnes qui ont \u00e9t\u00e9 vaccin\u00e9es \u00e0 ce jour (dose 1) a atteint <span class=\"c4\">4 315 802<\/span>, alors que <span class=\"c4\">3 566 498<\/span>personnes ont re\u00e7u la deuxi\u00e8me dose du vaccin, a pr\u00e9cis\u00e9 le minist\u00e8re dans son bulletin quotidien sur la situation de la Covid-19.<\/p>\n<p class=\"rtejustify\">Le nouveau bilan porte \u00e0 <span class=\"c4\">495 421\u00a0<\/span>le nombre total des contaminations depuis le premier cas signal\u00e9 en mars 2020, tandis que le nombre des personnes r\u00e9tablies est pass\u00e9 \u00e0 <span class=\"c4\">483 165<\/span>, avec <span class=\"c4\">580\u00a0<\/span>nouvelles gu\u00e9risons recens\u00e9es en 24 heures, soit un taux de 97,5%. Au total, <span class=\"c4\">11 935\u00a0<\/span>nouveaux tests ont \u00e9t\u00e9 r\u00e9alis\u00e9s.<\/p>\n<p class=\"rtejustify\">Le nombre total des d\u00e9c\u00e8s est pass\u00e9 \u00e0 <span class=\"c4\">8 813<\/span>, avec 6 d\u00e9c\u00e8s enregistr\u00e9s durant les derni\u00e8res 24 heures (taux de l\u00e9talit\u00e9 de 1,8%). Quant au nombre de cas actifs, il s&rsquo;\u00e9l\u00e8ve \u00e0 <span class=\"c4\">3 443<\/span>, alors que les cas s\u00e9v\u00e8res ou critiques sont atteignent <span class=\"c4\">419<\/span>, dont 25\u00a0plac\u00e9s sous intubation.<\/p>\n<p class=\"rtejustify\">Par ailleurs, le taux d&rsquo;occupation des lits d\u00e9di\u00e9s au Covid-19 s&rsquo;\u00e9tablit \u00e013,3%.<\/p>\n<blockquote readability=\"4.75\">\n<p class=\"rtecenter\"><strong>Pour plus de d\u00e9tails, voir l&rsquo;\u00e9volution en temps r\u00e9el de l&rsquo;\u00e9pid\u00e9mie sur <a href=\"https:\/\/www.leconomiste.com\/covid19\/\">https:\/\/www.leconomiste.com\/covid19\/<\/a><\/strong><\/p>\n<\/blockquote>\n<p>Auteur: mbasraoui<br \/>\n<a href=\"https:\/\/www.leconomiste.com\/flash-infos\/covid19-665-nouveaux-cas-4-31-millions-de-personnes-vaccinees\">Cliquez ici pour lire l&rsquo;article depuis sa source.<\/a><\/p>\n","protected":false},"excerpt":{"rendered":"<p>Un total de 665\u00a0nouveaux cas d&rsquo;infection au coronavirus et de 580\u00a0 gu\u00e9risons a \u00e9t\u00e9 enregistr\u00e9 au cours des derni\u00e8res 24 heures au Maroc, a annonc\u00e9 ce mardi le minist\u00e8re de la Sant\u00e9. Le nombre des personnes qui ont \u00e9t\u00e9 vaccin\u00e9es \u00e0 ce jour (dose 1) a atteint 4 315 802, alors que 3 566 498personnes [&hellip;]<\/p>\n","protected":false},"author":1763,"featured_media":0,"comment_status":"closed","ping_status":"closed","sticky":false,"template":"","format":"standard","meta":{"fifu_image_url":"","fifu_image_alt":"","footnotes":""},"categories":[78,54],"tags":[],"class_list":["post-113988","post","type-post","status-publish","format-standard","hentry","category-economie","category-maroc"],"_links":{"self":[{"href":"https:\/\/linitiative.ca\/International\/wp-json\/wp\/v2\/posts\/113988","targetHints":{"allow":["GET"]}}],"collection":[{"href":"https:\/\/linitiative.ca\/International\/wp-json\/wp\/v2\/posts"}],"about":[{"href":"https:\/\/linitiative.ca\/International\/wp-json\/wp\/v2\/types\/post"}],"author":[{"embeddable":true,"href":"https:\/\/linitiative.ca\/International\/wp-json\/wp\/v2\/users\/1763"}],"replies":[{"embeddable":true,"href":"https:\/\/linitiative.ca\/International\/wp-json\/wp\/v2\/comments?post=113988"}],"version-history":[{"count":0,"href":"https:\/\/linitiative.ca\/International\/wp-json\/wp\/v2\/posts\/113988\/revisions"}],"wp:attachment":[{"href":"https:\/\/linitiative.ca\/International\/wp-json\/wp\/v2\/media?parent=113988"}],"wp:term":[{"taxonomy":"category","embeddable":true,"href":"https:\/\/linitiative.ca\/International\/wp-json\/wp\/v2\/categories?post=113988"},{"taxonomy":"post_tag","embeddable":true,"href":"https:\/\/linitiative.ca\/International\/wp-json\/wp\/v2\/tags?post=113988"}],"curies":[{"name":"wp","href":"https:\/\/api.w.org\/{rel}","templated":true}]}}