{"id":113990,"date":"2021-03-30T15:14:05","date_gmt":"2021-03-30T19:14:05","guid":{"rendered":"https:\/\/linitiative.ca\/International\/ligue-1-2-crb-separation-a-lamiable-avec-lentraineur-franck-dumas\/"},"modified":"2021-03-30T15:14:05","modified_gmt":"2021-03-30T19:14:05","slug":"ligue-1-2-crb-separation-a-lamiable-avec-lentraineur-franck-dumas","status":"publish","type":"post","link":"https:\/\/linitiative.ca\/International\/ligue-1-2-crb-separation-a-lamiable-avec-lentraineur-franck-dumas\/","title":{"rendered":"Ligue 1 &amp; 2 : CRB: s\u00e9paration \u00e0 l&rsquo;amiable avec l&rsquo;entra\u00eeneur Franck Dumas"},"content":{"rendered":"<div readability=\"32\">\n<p>Auteur : <span>APS<\/span> <span class=\"time\">mardi 30 mars 2021 15:36<\/span><\/p>\n<\/div>\n<div id=\"post_core\" readability=\"51\">\n<p>Le CR Belouizdad a annonc\u00e9 mardi avoir trouv\u00e9 un accord pour une s\u00e9paration \u00e0 l&rsquo;amiable avec l&rsquo;entra\u00eeneur fran\u00e7ais de l&rsquo;\u00e9quipe premi\u00e8re Franck Dumas, selon un communiqu\u00e9 publi\u00e9 par le pensionnaire de la Ligue 1 de football. \u00ab\u00a0Un accord a \u00e9t\u00e9 trouv\u00e9 mardi entre la direction et l&rsquo;entra\u00eeneur Franck Dumas pour une r\u00e9siliation du contrat \u00e0 l&rsquo;amiable. Le pr\u00e9sident du Conseil d&rsquo;administration Charaf-Eddine Amara tient \u00e0 remercier Dumas pour le travail accompli depuis son arriv\u00e9e. La direction a confi\u00e9 l&rsquo;int\u00e9rim aux entra\u00eeneurs-adjoints Slimane Raho et Karim Bekhti jusqu&rsquo;\u00e0 la d\u00e9signation d&rsquo;un nouvel entra\u00eeneur\u00a0\u00bb, a indiqu\u00e9 le Chabab dans un communiqu\u00e9 publi\u00e9 sur sa page officielle Facebook. Franck Dumas (53 ans), arriv\u00e9 sur le banc du CRB en janvier 2020 pour un contrat de deux saisons, quitte le navire \u00e0 trois jours du match d\u00e9cisif face aux Congolais de TP Mazembe, vendredi au stade du 5-juillet (20h00), dans le cadre de la 5e journ\u00e9e (Gr.B) de la phase de poules de la Ligue des champions. Secou\u00e9 par une crise interne ayant d\u00e9j\u00e0 entra\u00een\u00e9 la d\u00e9mission de directeur du p\u00f4le comp\u00e9titif Taoufik Korichi, le Chabab traverse une mauvaise passe que ce soit en championnat ou en Ligue des champions. Le club alg\u00e9rois est retomb\u00e9 dans ses travers dimanche face au WAT (1-1), quelques jours apr\u00e8s le succ\u00e8s d\u00e9croch\u00e9 mercredi en d\u00e9placement face \u00e0 l&rsquo;ASO Chlef (3-1), qui est venue mettre fin \u00e0 une mauvaise s\u00e9rie de neuf matchs sans victoires, toutes comp\u00e9titions confondues. En Ligue des champions, le champion d&rsquo;Alg\u00e9rie sortant, sans la moindre victoire, occupe la 2e place au classement, en compagnie d&rsquo;Al-Hilal du Soudan avec 3 points seulement. Le TP Mazembe occupe la derni\u00e8re place (2 pts).<\/p>\n<p><strong>Publi\u00e9 dans :<\/strong> <span>CRB<\/span> <span>Franck Dumas<\/span><\/p>\n<\/div>\n<p>Auteur:<br \/>\n<a href=\"http:\/\/www.lebuteur.com\/article\/detail?titre=crb-separation-a-lamiable-avec-lentraineur-franck-dumas&#038;id=99556&#038;utm_source=feedburner&#038;utm_medium=feed&#038;utm_campaign=Feed%3A+GalerieFArtciles+%28Les+derniers+articles++-+lebuteur.com%29\">Cliquez ici pour lire l&rsquo;article depuis sa source.<\/a><\/p>\n","protected":false},"excerpt":{"rendered":"<p>Auteur : APS mardi 30 mars 2021 15:36 Le CR Belouizdad a annonc\u00e9 mardi avoir trouv\u00e9 un accord pour une s\u00e9paration \u00e0 l&rsquo;amiable avec l&rsquo;entra\u00eeneur fran\u00e7ais de l&rsquo;\u00e9quipe premi\u00e8re Franck Dumas, selon un communiqu\u00e9 publi\u00e9 par le pensionnaire de la Ligue 1 de football. \u00ab\u00a0Un accord a \u00e9t\u00e9 trouv\u00e9 mardi entre la direction et l&rsquo;entra\u00eeneur [&hellip;]<\/p>\n","protected":false},"author":1738,"featured_media":0,"comment_status":"closed","ping_status":"closed","sticky":false,"template":"","format":"standard","meta":{"fifu_image_url":"\/\/cdn.lebuteur.com\/data\/images\/article\/thumbs\/large-crb-separation-a-lamiable-avec-lentraineur-franck-dumas-25458.jpg","fifu_image_alt":"Ligue 1 & 2 : CRB: s\u00e9paration \u00e0 l'amiable avec l'entra\u00eeneur Franck Dumas","footnotes":""},"categories":[53,75],"tags":[],"class_list":["post-113990","post","type-post","status-publish","format-standard","hentry","category-algerie","category-sport"],"_links":{"self":[{"href":"https:\/\/linitiative.ca\/International\/wp-json\/wp\/v2\/posts\/113990","targetHints":{"allow":["GET"]}}],"collection":[{"href":"https:\/\/linitiative.ca\/International\/wp-json\/wp\/v2\/posts"}],"about":[{"href":"https:\/\/linitiative.ca\/International\/wp-json\/wp\/v2\/types\/post"}],"author":[{"embeddable":true,"href":"https:\/\/linitiative.ca\/International\/wp-json\/wp\/v2\/users\/1738"}],"replies":[{"embeddable":true,"href":"https:\/\/linitiative.ca\/International\/wp-json\/wp\/v2\/comments?post=113990"}],"version-history":[{"count":0,"href":"https:\/\/linitiative.ca\/International\/wp-json\/wp\/v2\/posts\/113990\/revisions"}],"wp:attachment":[{"href":"https:\/\/linitiative.ca\/International\/wp-json\/wp\/v2\/media?parent=113990"}],"wp:term":[{"taxonomy":"category","embeddable":true,"href":"https:\/\/linitiative.ca\/International\/wp-json\/wp\/v2\/categories?post=113990"},{"taxonomy":"post_tag","embeddable":true,"href":"https:\/\/linitiative.ca\/International\/wp-json\/wp\/v2\/tags?post=113990"}],"curies":[{"name":"wp","href":"https:\/\/api.w.org\/{rel}","templated":true}]}}