{"id":113991,"date":"2021-03-30T15:14:08","date_gmt":"2021-03-30T19:14:08","guid":{"rendered":"https:\/\/linitiative.ca\/International\/equipe-dalgerie-belmadi-zetchi-a-beaucoup-fait-pour-la-selection-et-je-tiens-a-le-souligner-personnellement\/"},"modified":"2021-03-30T15:14:08","modified_gmt":"2021-03-30T19:14:08","slug":"equipe-dalgerie-belmadi-zetchi-a-beaucoup-fait-pour-la-selection-et-je-tiens-a-le-souligner-personnellement","status":"publish","type":"post","link":"https:\/\/linitiative.ca\/International\/equipe-dalgerie-belmadi-zetchi-a-beaucoup-fait-pour-la-selection-et-je-tiens-a-le-souligner-personnellement\/","title":{"rendered":"Equipe d&rsquo;Alg\u00e9rie : Belmadi : \u00abZetchi a beaucoup fait pour la s\u00e9lection et je tiens \u00e0 le souligner personnellement\u00bb"},"content":{"rendered":"<div readability=\"32\">\n<p>Auteur : <span>APS<\/span> <span class=\"time\">mardi 30 mars 2021 15:40<\/span><\/p>\n<\/div>\n<div id=\"post_core\" readability=\"49\">\n<p>Belmadi et ses joueurs ont rendu un vibrant hommage au pr\u00e9sident de la F\u00e9d\u00e9ration alg\u00e9rienne de football, Kheireddine Zetchi, qui ne postulera pas pour un nouveau mandat \u00e0 la t\u00eate de cette instance. \u00ab\u00a0Le pr\u00e9sident Zetchi ne sera plus \u00e0 la t\u00eate de la FAF lors du prochain mandat olympique (2021-2024), car ils nous a officiellement annonc\u00e9 qu&rsquo;il ne compte pas se repr\u00e9senter. Nous avons donc tenu \u00e0 lui rendre hommage, car le succ\u00e8s de l&rsquo;EN n&rsquo;est pas uniquement l&rsquo;\u0153uvre des joueurs et des entra\u00eeneurs, mais aussi celui du pr\u00e9sident. Il a beaucoup fait pour la s\u00e9lection et je tiens \u00e0 le souligner personnellement\u00a0\u00bb, a indiqu\u00e9 le s\u00e9lectionneur national dans sa d\u00e9claration d&rsquo;apr\u00e8s match. En effet, apr\u00e8s le coup de sifflet final, les joueurs ont entour\u00e9 Zetchi et ont f\u00eat\u00e9 cette belle victoire contre le Botswana en sa compagnie. Des embrassades et des accolades auxquelles \u00e9tait venu se joindre Belmadi et les autres membres du staff technique. Zetchi est arriv\u00e9 aux commandes de la FAF le 20 mars 2017, en succession de Mohamed Raouraoua, qui n&rsquo;avait pas souhait\u00e9 se repr\u00e9senter pour un nouveau mandat. A son tour, Zetchi devrait annoncer son retrait le 5 avril prochain, \u00e0 l&rsquo;occasion de l&rsquo;Assembl\u00e9e g\u00e9n\u00e9rale ordinaire de l&rsquo;instance (AGO), alors que l&rsquo;Assembl\u00e9e g\u00e9n\u00e9rale \u00e9lective (AGE) a \u00e9t\u00e9 fix\u00e9e au 15 du m\u00eame mois, \u00e0 Alger.<\/p>\n<p><strong>Publi\u00e9 dans :<\/strong> <span>Zetchi<\/span><\/p>\n<\/div>\n<p>Auteur:<br \/>\n<a href=\"http:\/\/www.lebuteur.com\/article\/detail?titre=belmadi-zetchi-a-beaucoup-fait-pour-la-selection-et-je-tiens-a-le-souligner-personnellement&#038;id=99557&#038;utm_source=feedburner&#038;utm_medium=feed&#038;utm_campaign=Feed%3A+GalerieFArtciles+%28Les+derniers+articles++-+lebuteur.com%29\">Cliquez ici pour lire l&rsquo;article depuis sa source.<\/a><\/p>\n","protected":false},"excerpt":{"rendered":"<p>Auteur : APS mardi 30 mars 2021 15:40 Belmadi et ses joueurs ont rendu un vibrant hommage au pr\u00e9sident de la F\u00e9d\u00e9ration alg\u00e9rienne de football, Kheireddine Zetchi, qui ne postulera pas pour un nouveau mandat \u00e0 la t\u00eate de cette instance. \u00ab\u00a0Le pr\u00e9sident Zetchi ne sera plus \u00e0 la t\u00eate de la FAF lors du [&hellip;]<\/p>\n","protected":false},"author":1738,"featured_media":0,"comment_status":"closed","ping_status":"closed","sticky":false,"template":"","format":"standard","meta":{"fifu_image_url":"\/\/cdn.lebuteur.com\/data\/images\/article\/thumbs\/large-99557belmadi-zetchi-a-beaucoup-fait-pour-la-selection-et-je-tiens-a-le-souligner-personnellement-17728.jpg","fifu_image_alt":"Equipe d'Alg\u00e9rie : Belmadi : \u00abZetchi a beaucoup fait pour la s\u00e9lection et je tiens \u00e0 le souligner personnellement\u00bb","footnotes":""},"categories":[53,75],"tags":[],"class_list":["post-113991","post","type-post","status-publish","format-standard","hentry","category-algerie","category-sport"],"_links":{"self":[{"href":"https:\/\/linitiative.ca\/International\/wp-json\/wp\/v2\/posts\/113991","targetHints":{"allow":["GET"]}}],"collection":[{"href":"https:\/\/linitiative.ca\/International\/wp-json\/wp\/v2\/posts"}],"about":[{"href":"https:\/\/linitiative.ca\/International\/wp-json\/wp\/v2\/types\/post"}],"author":[{"embeddable":true,"href":"https:\/\/linitiative.ca\/International\/wp-json\/wp\/v2\/users\/1738"}],"replies":[{"embeddable":true,"href":"https:\/\/linitiative.ca\/International\/wp-json\/wp\/v2\/comments?post=113991"}],"version-history":[{"count":0,"href":"https:\/\/linitiative.ca\/International\/wp-json\/wp\/v2\/posts\/113991\/revisions"}],"wp:attachment":[{"href":"https:\/\/linitiative.ca\/International\/wp-json\/wp\/v2\/media?parent=113991"}],"wp:term":[{"taxonomy":"category","embeddable":true,"href":"https:\/\/linitiative.ca\/International\/wp-json\/wp\/v2\/categories?post=113991"},{"taxonomy":"post_tag","embeddable":true,"href":"https:\/\/linitiative.ca\/International\/wp-json\/wp\/v2\/tags?post=113991"}],"curies":[{"name":"wp","href":"https:\/\/api.w.org\/{rel}","templated":true}]}}