{"id":113992,"date":"2021-03-30T15:14:11","date_gmt":"2021-03-30T19:14:11","guid":{"rendered":"https:\/\/linitiative.ca\/International\/equipe-dalgerie-le-president-tebboune-remercie-les-verts-pour-leur-parcours-exceptionnel\/"},"modified":"2021-03-30T15:14:11","modified_gmt":"2021-03-30T19:14:11","slug":"equipe-dalgerie-le-president-tebboune-remercie-les-verts-pour-leur-parcours-exceptionnel","status":"publish","type":"post","link":"https:\/\/linitiative.ca\/International\/equipe-dalgerie-le-president-tebboune-remercie-les-verts-pour-leur-parcours-exceptionnel\/","title":{"rendered":"Equipe d&rsquo;Alg\u00e9rie : Le pr\u00e9sident Tebboune remercie les Verts pour leur parcours exceptionnel"},"content":{"rendered":"<div readability=\"32\">\n<p>Auteur : <span>APS<\/span> <span class=\"time\">mardi 30 mars 2021 15:44<\/span><\/p>\n<\/div>\n<div id=\"post_core\" readability=\"41\">\n<p>Le pr\u00e9sident de la R\u00e9publique M. Abdelmajid Tebboune a remercie lundi soir dans un Tweet, la s\u00e9lection nationale pour son parcours exceptionnel lors de sa qualification pour la Coupe d&rsquo;Afrique des nations 2022 et l&rsquo;exploit r\u00e9alis\u00e9 sous les commandes du talentueux coach Djamal Belmadi. \u00a0\u00ab\u00a0Je remercie la s\u00e9lection nationale pour son parcours exceptionnel lors de sa qualification pour la Coupe d&rsquo;Afrique des nations 2022 et l&rsquo;exploit r\u00e9alis\u00e9, sa s\u00e9rie d&rsquo;invincibilit\u00e9 de 24 matchs, sous les commandes du talentueux coach Djamal Belmadi\u00a0\u00bb, a indiqu\u00e9 le pr\u00e9sident de la R\u00e9publique dans son tweet. \u00a0Il a exprim\u00e9 en outre ses v\u0153ux de r\u00e9ussite pour la qualification \u00e0 la Coupe du Monde 2022, ajoutant \u00ab\u00a0Nous vous soutenons tous, champions\u00a0\u00bb.\u00a0<\/p>\n<p><strong>Publi\u00e9 dans :<\/strong> <span>Tebboune<\/span><\/p>\n<\/div>\n<p>Auteur:<br \/>\n<a href=\"http:\/\/www.lebuteur.com\/article\/detail?titre=le-president-tebboune-remercie-les-verts-pour-leur-parcours-exceptionnel&#038;id=99558&#038;utm_source=feedburner&#038;utm_medium=feed&#038;utm_campaign=Feed%3A+GalerieFArtciles+%28Les+derniers+articles++-+lebuteur.com%29\">Cliquez ici pour lire l&rsquo;article depuis sa source.<\/a><\/p>\n","protected":false},"excerpt":{"rendered":"<p>Auteur : APS mardi 30 mars 2021 15:44 Le pr\u00e9sident de la R\u00e9publique M. Abdelmajid Tebboune a remercie lundi soir dans un Tweet, la s\u00e9lection nationale pour son parcours exceptionnel lors de sa qualification pour la Coupe d&rsquo;Afrique des nations 2022 et l&rsquo;exploit r\u00e9alis\u00e9 sous les commandes du talentueux coach Djamal Belmadi. \u00a0\u00ab\u00a0Je remercie la [&hellip;]<\/p>\n","protected":false},"author":1738,"featured_media":0,"comment_status":"closed","ping_status":"closed","sticky":false,"template":"","format":"standard","meta":{"fifu_image_url":"\/\/cdn.lebuteur.com\/data\/images\/article\/thumbs\/large-le-president-tebboune-remercie-les-verts-pour-leur-parcours-exceptionnel-a09a9.jpg","fifu_image_alt":"Equipe d'Alg\u00e9rie : Le pr\u00e9sident Tebboune remercie les Verts pour leur parcours exceptionnel","footnotes":""},"categories":[53,75],"tags":[],"class_list":["post-113992","post","type-post","status-publish","format-standard","hentry","category-algerie","category-sport"],"_links":{"self":[{"href":"https:\/\/linitiative.ca\/International\/wp-json\/wp\/v2\/posts\/113992","targetHints":{"allow":["GET"]}}],"collection":[{"href":"https:\/\/linitiative.ca\/International\/wp-json\/wp\/v2\/posts"}],"about":[{"href":"https:\/\/linitiative.ca\/International\/wp-json\/wp\/v2\/types\/post"}],"author":[{"embeddable":true,"href":"https:\/\/linitiative.ca\/International\/wp-json\/wp\/v2\/users\/1738"}],"replies":[{"embeddable":true,"href":"https:\/\/linitiative.ca\/International\/wp-json\/wp\/v2\/comments?post=113992"}],"version-history":[{"count":0,"href":"https:\/\/linitiative.ca\/International\/wp-json\/wp\/v2\/posts\/113992\/revisions"}],"wp:attachment":[{"href":"https:\/\/linitiative.ca\/International\/wp-json\/wp\/v2\/media?parent=113992"}],"wp:term":[{"taxonomy":"category","embeddable":true,"href":"https:\/\/linitiative.ca\/International\/wp-json\/wp\/v2\/categories?post=113992"},{"taxonomy":"post_tag","embeddable":true,"href":"https:\/\/linitiative.ca\/International\/wp-json\/wp\/v2\/tags?post=113992"}],"curies":[{"name":"wp","href":"https:\/\/api.w.org\/{rel}","templated":true}]}}