{"id":113995,"date":"2021-03-30T04:30:00","date_gmt":"2021-03-30T08:30:00","guid":{"rendered":"https:\/\/linitiative.ca\/International\/tunis-choisira-ce-samedi-son-prix-goncourt\/"},"modified":"2021-03-30T04:30:00","modified_gmt":"2021-03-30T08:30:00","slug":"tunis-choisira-ce-samedi-son-prix-goncourt","status":"publish","type":"post","link":"https:\/\/linitiative.ca\/International\/tunis-choisira-ce-samedi-son-prix-goncourt\/","title":{"rendered":"Tunis choisira ce samedi son Prix Goncourt"},"content":{"rendered":"<div><img decoding=\"async\" src=\"http:\/\/www.leaders.com.tn\/uploads\/content\/thumbnails_small\/1617136856_article.jpg\" alt=\"Tunis choisira ce samedi son Prix Goncourt\" align=\"left\">La sixi\u00e8me \u00e9dition du choix Goncourt de la Tunisie se fera en pr\u00e9sence de 300 \u00e9l\u00e8ves des \u00e9tablissements scolaires des 24 gouvernorats du pays et pourra \u00eatre suivie en LIGNE et en DIRECT sur la page FB de l\u2019IFT.<br \/>\nLa c\u00e9r\u00e9monie se tiendra ce samedi 3 avril \u00e0 partir de 14 heures au si\u00e8ge de l&rsquo;Institut Fran\u00e7ais de Tunisie sis \u00e0 l&rsquo;avenue de Paris \u00e0 Tunis et sera pr\u00e9sid\u00e9e par Sami Mokaddem, finaliste du POLA 2021 (Prix Orange du livre en Afrique) et laur\u00e9at du Prix sp\u00e9cial du Jury du Comar d\u2019Or 2020 pour son troisi\u00e8me ouvrage \u00ab\u00a0Le secret des Barcides\u00a0\u00bb. Elle sera anim\u00e9e par Lamia Chahed et comptera la participation de Didier Decoin, pr\u00e9sident de l\u2019Acad\u00e9mie Goncourt depuis &#8230;<\/p>\n<\/div>\n<p>Auteur:<br \/>\n<a href=\"https:\/\/www.leaders.com.tn\/article\/31640-tunis-choisira-ce-samedi-son-prix-goncourt\">Cliquez ici pour lire l&rsquo;article depuis sa source.<\/a><\/p>\n","protected":false},"excerpt":{"rendered":"<p>La sixi\u00e8me \u00e9dition du choix Goncourt de la Tunisie se fera en pr\u00e9sence de 300 \u00e9l\u00e8ves des \u00e9tablissements scolaires des 24 gouvernorats du pays et pourra \u00eatre suivie en LIGNE et en DIRECT sur la page FB de l\u2019IFT. La c\u00e9r\u00e9monie se tiendra ce samedi 3 avril \u00e0 partir de 14 heures au si\u00e8ge de [&hellip;]<\/p>\n","protected":false},"author":1772,"featured_media":0,"comment_status":"closed","ping_status":"closed","sticky":false,"template":"","format":"standard","meta":{"fifu_image_url":"http:\/\/www.leaders.com.tn\/uploads\/content\/thumbnails_small\/1617136856_article.jpg","fifu_image_alt":"Tunis choisira ce samedi son Prix Goncourt","footnotes":""},"categories":[73,55],"tags":[],"class_list":["post-113995","post","type-post","status-publish","format-standard","hentry","category-actualite","category-tunisie"],"_links":{"self":[{"href":"https:\/\/linitiative.ca\/International\/wp-json\/wp\/v2\/posts\/113995","targetHints":{"allow":["GET"]}}],"collection":[{"href":"https:\/\/linitiative.ca\/International\/wp-json\/wp\/v2\/posts"}],"about":[{"href":"https:\/\/linitiative.ca\/International\/wp-json\/wp\/v2\/types\/post"}],"author":[{"embeddable":true,"href":"https:\/\/linitiative.ca\/International\/wp-json\/wp\/v2\/users\/1772"}],"replies":[{"embeddable":true,"href":"https:\/\/linitiative.ca\/International\/wp-json\/wp\/v2\/comments?post=113995"}],"version-history":[{"count":0,"href":"https:\/\/linitiative.ca\/International\/wp-json\/wp\/v2\/posts\/113995\/revisions"}],"wp:attachment":[{"href":"https:\/\/linitiative.ca\/International\/wp-json\/wp\/v2\/media?parent=113995"}],"wp:term":[{"taxonomy":"category","embeddable":true,"href":"https:\/\/linitiative.ca\/International\/wp-json\/wp\/v2\/categories?post=113995"},{"taxonomy":"post_tag","embeddable":true,"href":"https:\/\/linitiative.ca\/International\/wp-json\/wp\/v2\/tags?post=113995"}],"curies":[{"name":"wp","href":"https:\/\/api.w.org\/{rel}","templated":true}]}}