{"id":113999,"date":"2021-03-30T10:52:58","date_gmt":"2021-03-30T14:52:58","guid":{"rendered":"https:\/\/linitiative.ca\/International\/un-nouveau-marjane-market-a-dar-bouazza\/"},"modified":"2021-03-30T10:52:58","modified_gmt":"2021-03-30T14:52:58","slug":"un-nouveau-marjane-market-a-dar-bouazza","status":"publish","type":"post","link":"https:\/\/linitiative.ca\/International\/un-nouveau-marjane-market-a-dar-bouazza\/","title":{"rendered":"Un nouveau Marjane Market \u00e0 Dar Bouazza"},"content":{"rendered":"<p><strong>Marjane Holding poursuit le d\u00e9veloppement de son r\u00e9seau avec l\u2019ouverture d\u2019un nouveau Marjane Market \u00e0 Dar Bouazza El Menzeh. Cette inauguration porte \u00e0 51 le nombre de magasins Marjane Market lanc\u00e9s par la Holding depuis la cr\u00e9ation du concept en 2018.<\/strong><\/p>\n<div class=\"c10\">\n<\/div>\n<p>Ce nouveau Marjane Market a n\u00e9cessit\u00e9 un investissement de 20 millions de dirhams, et a permis la cr\u00e9ation de 70 emplois directs et indirects. Pr\u00e9sent dans 21 villes sur le territoire, Marjane Market compte \u00e0 ce jour pr\u00e8s de 2 000 salari\u00e9s.<\/p>\n<p><strong>Lire aussi|\u00a0<a href=\"https:\/\/www.challenge.ma\/fermeture-de-la-frontiere-avec-lespagne-et-la-france-une-mesure-exceptionnelle-de-la-ram-180016\/\">Fermeture de la fronti\u00e8re avec l\u2019Espagne et la France : une mesure exceptionnelle de la RAM<\/a><\/strong><\/p>\n<p>La nouvelle exp\u00e9rience du Marjane Market de Dar Bouazza El Menzeh apporte, \u00ab\u00a0une offre traiteur riche en qualit\u00e9 (le Lilly\u2019s appartenant au groupe Cabestan et d\u2019autres maitres traiteurs de r\u00e9f\u00e9rence) et en vari\u00e9t\u00e9, un march\u00e9 chaleureux, un espace terroir proposant des produits de coop\u00e9ratives issues de l\u2019\u00e9conomie solidaire et une nouvelle all\u00e9e consacr\u00e9e aux produits bios et bien-\u00eatre. Ce nouveau magasin \u00e9largit sa gamme de pains sp\u00e9ciaux ainsi que sa gamme p\u00e2tisserie et propose m\u00eame un espace de glaces artisanales \u00bb, souligne le groupe dans un communiqu\u00e9.<\/p>\n<p>Un food court sera bient\u00f4t ouvert \u00e0 l\u2019\u00e9tage offrant de nouvelles exp\u00e9riences culinaires \u00e0 Dar Bouazza, fait savoir la m\u00eame source.<\/p>\n<p><strong>Lire aussi|\u00a0<a href=\"https:\/\/www.challenge.ma\/50-femmes-qui-comptent-fatima-zahra-salim-elqalb-directrice-des-ressources-humaines-et-communication-de-la-marocaine-vie-179759\/\">50 femmes qui comptent : Fatima Zahra Salim Elqalb, Directrice des ressources humaines et communication de La Marocaine Vie<\/a><\/strong><\/p>\n<p>Auteur: Hajar DARI<br \/>\n<a href=\"https:\/\/www.challenge.ma\/un-nouveau-marjane-market-a-dar-bouazza-180050\/\">Cliquez ici pour lire l&rsquo;article depuis sa source.<\/a><\/p>\n","protected":false},"excerpt":{"rendered":"<p>Marjane Holding poursuit le d\u00e9veloppement de son r\u00e9seau avec l\u2019ouverture d\u2019un nouveau Marjane Market \u00e0 Dar Bouazza El Menzeh. Cette inauguration porte \u00e0 51 le nombre de magasins Marjane Market lanc\u00e9s par la Holding depuis la cr\u00e9ation du concept en 2018. Ce nouveau Marjane Market a n\u00e9cessit\u00e9 un investissement de 20 millions de dirhams, et [&hellip;]<\/p>\n","protected":false},"author":1787,"featured_media":0,"comment_status":"closed","ping_status":"closed","sticky":false,"template":"","format":"standard","meta":{"fifu_image_url":"","fifu_image_alt":"","footnotes":""},"categories":[78,54],"tags":[],"class_list":["post-113999","post","type-post","status-publish","format-standard","hentry","category-economie","category-maroc"],"_links":{"self":[{"href":"https:\/\/linitiative.ca\/International\/wp-json\/wp\/v2\/posts\/113999","targetHints":{"allow":["GET"]}}],"collection":[{"href":"https:\/\/linitiative.ca\/International\/wp-json\/wp\/v2\/posts"}],"about":[{"href":"https:\/\/linitiative.ca\/International\/wp-json\/wp\/v2\/types\/post"}],"author":[{"embeddable":true,"href":"https:\/\/linitiative.ca\/International\/wp-json\/wp\/v2\/users\/1787"}],"replies":[{"embeddable":true,"href":"https:\/\/linitiative.ca\/International\/wp-json\/wp\/v2\/comments?post=113999"}],"version-history":[{"count":0,"href":"https:\/\/linitiative.ca\/International\/wp-json\/wp\/v2\/posts\/113999\/revisions"}],"wp:attachment":[{"href":"https:\/\/linitiative.ca\/International\/wp-json\/wp\/v2\/media?parent=113999"}],"wp:term":[{"taxonomy":"category","embeddable":true,"href":"https:\/\/linitiative.ca\/International\/wp-json\/wp\/v2\/categories?post=113999"},{"taxonomy":"post_tag","embeddable":true,"href":"https:\/\/linitiative.ca\/International\/wp-json\/wp\/v2\/tags?post=113999"}],"curies":[{"name":"wp","href":"https:\/\/api.w.org\/{rel}","templated":true}]}}