{"id":114000,"date":"2021-03-30T11:53:38","date_gmt":"2021-03-30T15:53:38","guid":{"rendered":"https:\/\/linitiative.ca\/International\/semaine-virtuelle-du-maroc-les-operateurs-irlandais-appeles-a-investir-dans-lindustrie-automobile-et-aeronautique\/"},"modified":"2021-03-30T11:53:38","modified_gmt":"2021-03-30T15:53:38","slug":"semaine-virtuelle-du-maroc-les-operateurs-irlandais-appeles-a-investir-dans-lindustrie-automobile-et-aeronautique","status":"publish","type":"post","link":"https:\/\/linitiative.ca\/International\/semaine-virtuelle-du-maroc-les-operateurs-irlandais-appeles-a-investir-dans-lindustrie-automobile-et-aeronautique\/","title":{"rendered":"Semaine virtuelle du Maroc :  les op\u00e9rateurs irlandais appel\u00e9s \u00e0 investir dans l\u2019industrie automobile et a\u00e9ronautique"},"content":{"rendered":"<p><strong>Le march\u00e9 marocain suscite de plus en plus d\u2019int\u00e9r\u00eat aupr\u00e8s des hommes d\u2019affaires irlandais. Ainsi, dans le cadre de \u00ab\u00a0La Semaine virtuelle du Maroc\u00a0\u00bb, qui a d\u00e9marr\u00e9 depuis le 29 mars, les op\u00e9rateurs irlandais appel\u00e9s \u00e0 investir dans l\u2019industrie automobile et a\u00e9ronautique.<\/strong><\/p>\n<div class=\"c10\">\n<\/div>\n<p>La \u00ab\u00a0Semaine virtuelle du Maroc\u00a0\u00bb bat son plein. Organis\u00e9e par Enterprise Ireland, l\u2019Agence gouvernementale charg\u00e9e du d\u00e9veloppement et de la croissance des entreprises irlandaises sur les march\u00e9s mondiaux, la Chambre de commerce arabo-irlandaise et l\u2019Ambassade du Royaume du Maroc en Irlande, cette initiative, qui a \u00e9t\u00e9 lanc\u00e9e le 29 mars, vise \u00e0 pr\u00e9senter aux investisseurs irlandais les opportunit\u00e9s d\u2019investissement dans le Royaume, notamment dans les secteurs de l\u2019Agritech\/l\u2019Agroalimentaire, l\u2019industrie Automobile et l\u2019Aviation, la Logistique, les Energies Renouvelables et CleanTech, le Pharmaceutique\/la Sant\u00e9 Num\u00e9rique, les Services Financiers et la FinTech. Le panel organis\u00e9 ce 30 mars dans le cadre de cette \u00ab\u00a0Semaine virtuelle\u00a0\u00bb a permis de mettre en exergue les atouts et les opportunit\u00e9s du secteur industriel marocain, notamment l\u2019industrie automobile et l\u2019industrie a\u00e9ronautique. Hakim Abdelmoumen, pr\u00e9sident de l\u2019Association marocaine pour l\u2019industrie et la construction automobile (AMICA), est notamment revenu, dans son intervention, sur les progr\u00e8s r\u00e9alis\u00e9s ces derni\u00e8res ann\u00e9es par l\u2019industrie automobile marocaine.<\/p>\n<p><strong>Lire aussi| <a href=\"https:\/\/www.challenge.ma\/maroc-radisson-group-ambitionne-douvrir-13-hotels-179989\/\">Maroc : Radisson Group ambitionne d\u2019ouvrir 13 h\u00f4tels<\/a><\/strong><\/p>\n<p>\u00ab\u00a0Le Maroc accueille des centaines d\u2019entreprises multinationales dans son secteur automobile, et reste ouvert aux partenariats internationaux\u00a0\u00bb, a-t-il fait remarquer, ajoutant que le secteur automobile est d\u00e9sormais devenu le premier secteur exportateur au Maroc. Il a fait observer que le Maroc a mis en place une strat\u00e9gie de d\u00e9veloppement sp\u00e9cifique pour le secteur automobile \u00e0 travers des \u00e9cosyst\u00e8mes pour favoriser son \u00e9mergence, et que le pays dispose aussi de plateformes int\u00e9gr\u00e9es. \u00ab\u00a0Le Maroc dispose d\u2019une bonne r\u00e9glementation et des infrastructures adapt\u00e9es pour l\u2019industrie automobile. Le Maroc souhaite accueillir de nouveaux investisseurs dans son secteur automobile\u00a0\u00bb,a-t-il assur\u00e9. De son c\u00f4t\u00e9, Ayda Fathi, Business development Director (Automotive Industry) de l\u2019AMDIE (Agence marocaine de d\u00e9veloppement des investissements et des exportations), a aussi mis l\u2019accent sur le d\u00e9veloppement florissant du secteur industriel marocain. Elle a invit\u00e9 les investisseurs irlandais \u00e0 saisir les opportunit\u00e9s de relocalisation au Maroc dans ce contexte de Covid-19. Elle aussi indiqu\u00e9 que la d\u00e9carbonation industrielle fait partie des priorit\u00e9s du royaume dans son d\u00e9veloppement industriel, mettant en exergue la part des \u00e9nergies renouvelables dans le mix \u00e9nerg\u00e9tique.<\/p>\n<p><strong>Lire aussi| <a href=\"https:\/\/www.challenge.ma\/saad-dalil-nouveau-directeur-commercial-et-marketing-ciment-de-lafargeholcim-maroc-180035\/\">Sa\u00e2d Dalil, nouveau Directeur commercial et marketing ciment de LafargeHolcim Maroc<\/a><\/strong><\/p>\n<p>Les autres intervenants au panel ont de m\u00eame mis en valeur le d\u00e9veloppement fulgurant de l\u2019industrie marocaine (a\u00e9ronautique et automobile). Force est de souligner que pendant cette \u00ab Semaine virtuelle du Maroc \u00bb, une s\u00e9rie de sessions de webinaires informatives, au cours desquelles les clients d\u2019Enterprise Ireland, les investisseurs ou encore les op\u00e9rateurs \u00e9conomiques des deux pays, peuvent assister et cr\u00e9er de l\u2019int\u00e9r\u00eat pour faire de futures affaires au Maroc, est pr\u00e9vue.\u00a0 Ouverte aux op\u00e9rateurs \u00e9conomiques des deux pays, la Semaine se veut \u00e9galement une plateforme pour cr\u00e9er des synergies, pr\u00e9senter des t\u00e9moignages d\u2019investisseurs marocains et irlandais et promouvoir le Maroc comme porte d\u2019entr\u00e9e privil\u00e9gi\u00e9e vers le march\u00e9 africain.\u00a0<\/p>\n<p>Auteur: challenge<br \/>\n<a href=\"https:\/\/www.challenge.ma\/semaine-virtuelle-du-maroc-les-operateurs-irlandais-appeles-a-investir-dans-lindustrie-automobile-et-aeronautique-180076\/\">Cliquez ici pour lire l&rsquo;article depuis sa source.<\/a><\/p>\n","protected":false},"excerpt":{"rendered":"<p>Le march\u00e9 marocain suscite de plus en plus d\u2019int\u00e9r\u00eat aupr\u00e8s des hommes d\u2019affaires irlandais. Ainsi, dans le cadre de \u00ab\u00a0La Semaine virtuelle du Maroc\u00a0\u00bb, qui a d\u00e9marr\u00e9 depuis le 29 mars, les op\u00e9rateurs irlandais appel\u00e9s \u00e0 investir dans l\u2019industrie automobile et a\u00e9ronautique. La \u00ab\u00a0Semaine virtuelle du Maroc\u00a0\u00bb bat son plein. Organis\u00e9e par Enterprise Ireland, l\u2019Agence [&hellip;]<\/p>\n","protected":false},"author":1787,"featured_media":0,"comment_status":"closed","ping_status":"closed","sticky":false,"template":"","format":"standard","meta":{"fifu_image_url":"","fifu_image_alt":"","footnotes":""},"categories":[78,54],"tags":[],"class_list":["post-114000","post","type-post","status-publish","format-standard","hentry","category-economie","category-maroc"],"_links":{"self":[{"href":"https:\/\/linitiative.ca\/International\/wp-json\/wp\/v2\/posts\/114000","targetHints":{"allow":["GET"]}}],"collection":[{"href":"https:\/\/linitiative.ca\/International\/wp-json\/wp\/v2\/posts"}],"about":[{"href":"https:\/\/linitiative.ca\/International\/wp-json\/wp\/v2\/types\/post"}],"author":[{"embeddable":true,"href":"https:\/\/linitiative.ca\/International\/wp-json\/wp\/v2\/users\/1787"}],"replies":[{"embeddable":true,"href":"https:\/\/linitiative.ca\/International\/wp-json\/wp\/v2\/comments?post=114000"}],"version-history":[{"count":0,"href":"https:\/\/linitiative.ca\/International\/wp-json\/wp\/v2\/posts\/114000\/revisions"}],"wp:attachment":[{"href":"https:\/\/linitiative.ca\/International\/wp-json\/wp\/v2\/media?parent=114000"}],"wp:term":[{"taxonomy":"category","embeddable":true,"href":"https:\/\/linitiative.ca\/International\/wp-json\/wp\/v2\/categories?post=114000"},{"taxonomy":"post_tag","embeddable":true,"href":"https:\/\/linitiative.ca\/International\/wp-json\/wp\/v2\/tags?post=114000"}],"curies":[{"name":"wp","href":"https:\/\/api.w.org\/{rel}","templated":true}]}}