{"id":114003,"date":"2021-03-30T16:10:00","date_gmt":"2021-03-30T20:10:00","guid":{"rendered":"https:\/\/linitiative.ca\/International\/maroc-retour-a-lheure-legale-avant-le-ramadan\/"},"modified":"2021-03-30T16:10:00","modified_gmt":"2021-03-30T20:10:00","slug":"maroc-retour-a-lheure-legale-avant-le-ramadan","status":"publish","type":"post","link":"https:\/\/linitiative.ca\/International\/maroc-retour-a-lheure-legale-avant-le-ramadan\/","title":{"rendered":"Maroc : retour \u00e0 l\u2019heure l\u00e9gale avant le ramadan"},"content":{"rendered":"<p><strong>A l\u2019occasion du mois sacr\u00e9 de Ramadan, le Maroc va repasser \u00e0 l\u2019heure l\u00e9gale GMT le dimanche 11 avril \u00e0 03H00, annonce le minist\u00e8re de l\u2019\u00c9conomie, des Finances et de la R\u00e9forme de l\u2019administration-d\u00e9partement de la R\u00e9forme de l\u2019administration.<\/strong><\/p>\n<div class=\"c10\">\n<\/div>\n<p>Ainsi, l\u2019heure du Royaume sera retard\u00e9e de 60 minutes le dimanche 11 avril \u00e0 03H00 et ce conform\u00e9ment \u00e0 l\u2019article 2 du d\u00e9cret n\u00b0 2.18.855 publi\u00e9 le 16 Safar 1440 (26 octobre 2018), relatif \u00e0 l\u2019heure l\u00e9gale et \u00e0 l\u2019arr\u00eat\u00e9 du Chef du gouvernement n\u00b0 21.17.03 publi\u00e9 le 16 Cha\u00e2bane 1442 (30 mars 2021), relatif \u00e9galement \u00e0 l\u2019heure l\u00e9gale, pr\u00e9cise le minist\u00e8re.<\/p>\n<p><strong>Lire aussi | <a rel=\"noreferrer noopener\" href=\"https:\/\/www.challenge.ma\/marche-automobile-auto-hall-renforce-sa-position-malgre-la-pandemie-180059\/\" target=\"_blank\">March\u00e9 automobile : Auto Hall renforce sa position malgr\u00e9 la pand\u00e9mie<\/a><\/strong><\/p>\n<p>Apr\u00e8s le mois de Ramadan, l\u2019heure l\u00e9gale du Royaume sera avanc\u00e9e de 60 minutes (GMT +1) le dimanche 16 mai 2021 \u00e0 02h00, selon la m\u00eame source.<\/p>\n<figure class=\"wp-block-image size-large\"><img decoding=\"async\" loading=\"lazy\" width=\"591\" height=\"781\" src=\"https:\/\/www.challenge.ma\/wp-content\/uploads\/2021\/03\/Heure-ramadan-2021-1.jpeg\" alt=\"\" class=\"wp-image-180101\" srcset=\"https:\/\/www.challenge.ma\/wp-content\/uploads\/2021\/03\/Heure-ramadan-2021-1.jpeg 591w, https:\/\/www.challenge.ma\/wp-content\/uploads\/2021\/03\/Heure-ramadan-2021-1-227x300.jpeg 227w, https:\/\/www.challenge.ma\/wp-content\/uploads\/2021\/03\/Heure-ramadan-2021-1-360x476.jpeg 360w\" sizes=\"auto, (max-width: 591px) 100vw, 591px\"\/><\/figure>\n<p>Auteur: challenge<br \/>\n<a href=\"https:\/\/www.challenge.ma\/maroc-retour-a-lheure-legale-avant-le-ramadan-180098\/\">Cliquez ici pour lire l&rsquo;article depuis sa source.<\/a><\/p>\n","protected":false},"excerpt":{"rendered":"<p>A l\u2019occasion du mois sacr\u00e9 de Ramadan, le Maroc va repasser \u00e0 l\u2019heure l\u00e9gale GMT le dimanche 11 avril \u00e0 03H00, annonce le minist\u00e8re de l\u2019\u00c9conomie, des Finances et de la R\u00e9forme de l\u2019administration-d\u00e9partement de la R\u00e9forme de l\u2019administration. Ainsi, l\u2019heure du Royaume sera retard\u00e9e de 60 minutes le dimanche 11 avril \u00e0 03H00 et [&hellip;]<\/p>\n","protected":false},"author":1787,"featured_media":0,"comment_status":"closed","ping_status":"closed","sticky":false,"template":"","format":"standard","meta":{"fifu_image_url":"https:\/\/www.challenge.ma\/wp-content\/uploads\/2021\/03\/Heure-ramadan-2021-1.jpeg","fifu_image_alt":"Maroc : retour \u00e0 l\u2019heure l\u00e9gale avant le ramadan","footnotes":""},"categories":[78,54],"tags":[],"class_list":["post-114003","post","type-post","status-publish","format-standard","hentry","category-economie","category-maroc"],"_links":{"self":[{"href":"https:\/\/linitiative.ca\/International\/wp-json\/wp\/v2\/posts\/114003","targetHints":{"allow":["GET"]}}],"collection":[{"href":"https:\/\/linitiative.ca\/International\/wp-json\/wp\/v2\/posts"}],"about":[{"href":"https:\/\/linitiative.ca\/International\/wp-json\/wp\/v2\/types\/post"}],"author":[{"embeddable":true,"href":"https:\/\/linitiative.ca\/International\/wp-json\/wp\/v2\/users\/1787"}],"replies":[{"embeddable":true,"href":"https:\/\/linitiative.ca\/International\/wp-json\/wp\/v2\/comments?post=114003"}],"version-history":[{"count":0,"href":"https:\/\/linitiative.ca\/International\/wp-json\/wp\/v2\/posts\/114003\/revisions"}],"wp:attachment":[{"href":"https:\/\/linitiative.ca\/International\/wp-json\/wp\/v2\/media?parent=114003"}],"wp:term":[{"taxonomy":"category","embeddable":true,"href":"https:\/\/linitiative.ca\/International\/wp-json\/wp\/v2\/categories?post=114003"},{"taxonomy":"post_tag","embeddable":true,"href":"https:\/\/linitiative.ca\/International\/wp-json\/wp\/v2\/tags?post=114003"}],"curies":[{"name":"wp","href":"https:\/\/api.w.org\/{rel}","templated":true}]}}