{"id":114009,"date":"2021-03-30T15:17:53","date_gmt":"2021-03-30T19:17:53","guid":{"rendered":"https:\/\/linitiative.ca\/International\/investiture-du-president-centrafricain\/"},"modified":"2021-03-30T15:17:53","modified_gmt":"2021-03-30T19:17:53","slug":"investiture-du-president-centrafricain","status":"publish","type":"post","link":"https:\/\/linitiative.ca\/International\/investiture-du-president-centrafricain\/","title":{"rendered":"INVESTITURE DU PRESIDENT CENTRAFRICAIN"},"content":{"rendered":"<p class=\"c4\"><em>R\u00e9\u00e9lu le 27 d\u00e9cembre dernier, pour un second mandat de cinq ans, le pr\u00e9sident centrafricain, Faustin-Archange Touad\u00e9ra, a \u00e9t\u00e9 investi, le 30 mars 2021, \u00e0 Bangui. De nombreuses personnalit\u00e9s dont des chefs d\u2019Etat du continent et des d\u00e9l\u00e9gations de puissances \u00e9trang\u00e8res, ont honor\u00e9 de leur pr\u00e9sence, cette c\u00e9r\u00e9monie d\u2019investiture qui, \u00e0 tout point de vue, s\u2019apparente \u00e0 une victoire. Ce d\u2019autant que la coalition de six groupes \u00a0\u00a0arm\u00e9s, la CPC, \u00e9tait vent debout contre la tenue des \u00e9lections. Et n\u2019e\u00fbt \u00e9t\u00e9 le soutien sans faille de la communaut\u00e9 internationale, notamment la France, la Russie et le Rwanda de Paul Kagame dont les soldats ont jou\u00e9 un r\u00f4le d\u00e9terminant dans la s\u00e9curisation du processus \u00e9lectoral, c\u2019est peut-\u00eatre plut\u00f4t les fun\u00e9railles de Touad\u00e9ra auxquelles auraient assist\u00e9 les invit\u00e9s de marque.\u00a0<\/em> <em>Cela dit, si ce dernier peut se f\u00e9liciter d\u2019avoir relev\u00e9 un d\u00e9fi majeur, il doit, cependant, \u00a0se rendre \u00e0 l\u2019\u00e9vidence que le plus dur ne fait que commencer. Car, il rempile\u00a0 \u00e0 la t\u00eate d\u2019un pays qui se tient \u00e0 peine debout puisque les 2\/3 du territoire sont contr\u00f4l\u00e9s par des groupes arm\u00e9s. Il y a donc urgence \u00e0 restaurer l\u2019autorit\u00e9 de l\u2019Etat, mais aussi et surtout \u00e0 ramener la paix dans un pays qui, il faut le souligner, n\u2019a jamais connu v\u00e9ritablement une paix durable depuis son accession \u00e0 l\u2019ind\u00e9pendance. En fait, on ne le sait que trop bien, l\u2019histoire du pays de David Dacko est \u00e9crite en lettres de larmes et de sang \u00e0 cause des multiples coups d\u2019Etat qu\u2019il a connus. C\u2019est dire si le plus gros d\u00e9fi qui se pr\u00e9sente \u00e0 l\u2019illustre math\u00e9maticien, sera la r\u00e9conciliation des filles et fils de la Centrafrique. Au-del\u00e0 de ce gigantesque chantier, Touad\u00e9ra devra apporter des r\u00e9ponses aux pr\u00e9occupations sociales de son peuple. Car, en d\u00e9pit des efforts consentis, force est de constater que son premier mandat n\u2019aura pas permis de changer, de fa\u00e7on substantielle, le quotidien des Centrafricains.<\/em><\/p>\n<p class=\"c4\"><em>\u00a0<\/em><\/p>\n<p class=\"c6\"><strong><em>Tant que l\u2019\u00e9quation Boziz\u00e9 ne sera pas r\u00e9solue, son sommeil restera troubl\u00e9<\/em><\/strong><\/p>\n<p class=\"c6\"><strong><em>\u00a0<\/em><\/strong><\/p>\n<p class=\"c4\"><em>A preuve, malgr\u00e9 les immenses richesses en diamants, bois et b\u00e9tail, de l\u2019ex-Oubangui-Chari, environ 71% des 4,9 millions de Centrafricains \u00a0vivent sous le seuil de pauvret\u00e9. Tant et si bien que le pays a \u00e9t\u00e9 class\u00e9, en 2019, 188<sup>e<\/sup> sur 189 pays dans l\u2019Indice de d\u00e9veloppement humain du PNUD.\u00a0 Autant dire que Touad\u00e9ra est face \u00e0 une for\u00eat, pardon, \u00e0 une montagne de d\u00e9fis. Une chose est certaine : la nation centrafricaine, et c\u2019est peu de le dire, est plus qu\u2019en lambeaux. Et recoller tous les morceaux est plus facile \u00e0 dire qu\u2019\u00e0 faire. Ce d\u2019autant que le dirigeant centrafricain semble cern\u00e9 de toutes parts. On est d\u2019autant plus fond\u00e9 \u00e0 le penser qu\u2019en plus des ennemis visibles de la Centrafrique, il y a ceux qui sont tapis dans l\u2019ombre et qui convoitent ses richesses. Et tant que ces derniers ne seront pas d\u00e9masqu\u00e9s et mis hors d\u2019\u00e9tat de nuire, le retour de la paix en RCA restera un mirage.\u00a0 En tout cas, tout laisse croire que les Centrafricains ont besoin d\u2019une catharsis. Si bien que m\u00eame apr\u00e8s son investiture, Touad\u00e9ra \u00a0devra hic et nunc, tendre la main non seulement \u00e0 \u00a0l\u2019opposition politique \u00a0pour autant qu\u2019elle veuille bien la saisir mais aussi aux groupes arm\u00e9s. Tant que l\u2019\u00e9quation Boziz\u00e9 ne sera pas r\u00e9solue, son sommeil restera troubl\u00e9 par l\u2019\u0153uvre de ce dernier qui est loin d\u2019\u00eatre un enfant de ch\u0153ur. \u00a0\u00a0Certes, avec cette investiture, une page vient de se tourner mais, pour autant, les rebelles ne semblent pas avoir dit leur dernier mot. Ce qui fait dire \u00e0 certains que le num\u00e9ro un centrafricain est plus \u00e0 plaindre qu\u2019\u00e0 envier. La situation de ni paix ni guerre ne saurait perdurer plus longtemps. C\u2019est pourquoi il faut souhaiter que la communaut\u00e9 internationale reste toujours au chevet de ce grand malade qu\u2019est la RCA. \u00a0\u00a0\u00a0<\/em><\/p>\n<p class=\"c4\"><em>\u00a0<\/em><\/p>\n<p class=\"c6\"><strong><em>Dabadi ZOUMBARA<\/em><\/strong><\/p>\n<p class=\"c6\"><strong><em>\u00a0<\/em><\/strong><\/p>\n<p>Auteur: Editions LEPAYS<br \/>\n<a href=\"https:\/\/lepays.bf\/investiture-du-president-centrafricain\/\">Cliquez ici pour lire l&rsquo;article depuis sa source.<\/a><\/p>\n","protected":false},"excerpt":{"rendered":"<p>R\u00e9\u00e9lu le 27 d\u00e9cembre dernier, pour un second mandat de cinq ans, le pr\u00e9sident centrafricain, Faustin-Archange Touad\u00e9ra, a \u00e9t\u00e9 investi, le 30 mars 2021, \u00e0 Bangui. De nombreuses personnalit\u00e9s dont des chefs d\u2019Etat du continent et des d\u00e9l\u00e9gations de puissances \u00e9trang\u00e8res, ont honor\u00e9 de leur pr\u00e9sence, cette c\u00e9r\u00e9monie d\u2019investiture qui, \u00e0 tout point de vue, [&hellip;]<\/p>\n","protected":false},"author":1813,"featured_media":0,"comment_status":"closed","ping_status":"closed","sticky":false,"template":"","format":"standard","meta":{"fifu_image_url":"","fifu_image_alt":"","footnotes":""},"categories":[73,81],"tags":[],"class_list":["post-114009","post","type-post","status-publish","format-standard","hentry","category-actualite","category-burkina-faso"],"_links":{"self":[{"href":"https:\/\/linitiative.ca\/International\/wp-json\/wp\/v2\/posts\/114009","targetHints":{"allow":["GET"]}}],"collection":[{"href":"https:\/\/linitiative.ca\/International\/wp-json\/wp\/v2\/posts"}],"about":[{"href":"https:\/\/linitiative.ca\/International\/wp-json\/wp\/v2\/types\/post"}],"author":[{"embeddable":true,"href":"https:\/\/linitiative.ca\/International\/wp-json\/wp\/v2\/users\/1813"}],"replies":[{"embeddable":true,"href":"https:\/\/linitiative.ca\/International\/wp-json\/wp\/v2\/comments?post=114009"}],"version-history":[{"count":0,"href":"https:\/\/linitiative.ca\/International\/wp-json\/wp\/v2\/posts\/114009\/revisions"}],"wp:attachment":[{"href":"https:\/\/linitiative.ca\/International\/wp-json\/wp\/v2\/media?parent=114009"}],"wp:term":[{"taxonomy":"category","embeddable":true,"href":"https:\/\/linitiative.ca\/International\/wp-json\/wp\/v2\/categories?post=114009"},{"taxonomy":"post_tag","embeddable":true,"href":"https:\/\/linitiative.ca\/International\/wp-json\/wp\/v2\/tags?post=114009"}],"curies":[{"name":"wp","href":"https:\/\/api.w.org\/{rel}","templated":true}]}}