{"id":114011,"date":"2021-03-29T18:55:16","date_gmt":"2021-03-29T22:55:16","guid":{"rendered":"https:\/\/linitiative.ca\/International\/reformes-scolaires-des-eleves-dans-la-rue-de-ouagadougou-pour-dire-non\/"},"modified":"2021-03-29T18:55:16","modified_gmt":"2021-03-29T22:55:16","slug":"reformes-scolaires-des-eleves-dans-la-rue-de-ouagadougou-pour-dire-non","status":"publish","type":"post","link":"https:\/\/linitiative.ca\/International\/reformes-scolaires-des-eleves-dans-la-rue-de-ouagadougou-pour-dire-non\/","title":{"rendered":"R\u00e9formes scolaires : des \u00e9l\u00e8ves dans la rue  de Ouagadougou pour dire \u2018\u2019non\u2019\u2019"},"content":{"rendered":"<div class=\"td-post-featured-image\"><a href=\"https:\/\/www.sidwaya.info\/wp-content\/uploads\/2021\/03\/1-48.jpg\" data-caption=\"\"><img loading=\"lazy\" decoding=\"async\" width=\"595\" height=\"446\" class=\"entry-thumb td-modal-image\" src=\"https:\/\/www.sidwaya.info\/wp-content\/uploads\/2021\/03\/1-48.jpg\" srcset=\"https:\/\/www.sidwaya.info\/wp-content\/uploads\/2021\/03\/1-48.jpg 595w, https:\/\/www.sidwaya.info\/wp-content\/uploads\/2021\/03\/1-48-300x225.jpg 300w, https:\/\/www.sidwaya.info\/wp-content\/uploads\/2021\/03\/1-48-150x112.jpg 150w, https:\/\/www.sidwaya.info\/wp-content\/uploads\/2021\/03\/1-48-560x420.jpg 560w, https:\/\/www.sidwaya.info\/wp-content\/uploads\/2021\/03\/1-48-80x60.jpg 80w, https:\/\/www.sidwaya.info\/wp-content\/uploads\/2021\/03\/1-48-265x198.jpg 265w\" sizes=\"auto, (max-width: 595px) 100vw, 595px\" alt=\"\" title=\"1\"\/><\/a><\/div>\n<p><strong>Regroup\u00e9s devant le minist\u00e8re de l\u2019Education nationale, de l\u2019Alphab\u00e9tisation et de la Promotion des langues nationales, le lundi 29 mars 2021 \u00e0 Ouagadougou, des \u00e9l\u00e8ves ont exprim\u00e9 leur m\u00e9contentement face aux nouvelles r\u00e9formes entreprises par le gouvernement relativement \u00e0 l\u2019organisation des examens de fin d\u2019ann\u00e9e et la suspension des activit\u00e9s culturelles dans les \u00e9tablissements scolaires.<\/strong><\/p>\n<p>Les nouvelles r\u00e9formes scolaires entreprises par le gouvernement continuent de faire des gorges chaudes dans le milieu \u00e9ducatif. Le lundi 29 mars 2021, des \u00e9l\u00e8ves \u00e9taient devant le minist\u00e8re de l\u2019Education nationale, de l\u2019Alphab\u00e9tisation et de la Promotion des langues nationales (MENAPLN) pour dire \u00abnon aux nouvelles r\u00e9formes relative \u00e0 l\u2019organisation des examens de fin d\u2019ann\u00e9e et la suspension des activit\u00e9s culturelles dans les \u00e9tablissements scolaires\u00bb. Selon le pr\u00e9sident de l\u2019Association des \u00e9l\u00e8ves du secondaire de Ouagadougou (AESO), Mahamadi Ou\u00e9draogo, cette d\u00e9cision des autorit\u00e9s est sans fondement. \u00ab Nous ne voyons pas l\u2019importance de confier le Bac au MENAPLN si la valeur ne change pas. On ne peut pas non plus comprendre que les examens blancs et les activit\u00e9s culturelles soient supprim\u00e9s alors que des festivals se tiennent dans le pays sans probl\u00e8mes \u00bb, a ajout\u00e9 le porte-parole des \u00e9l\u00e8ves. Les m\u00e9contents ont dit ne pas comprendre pourquoi rien ne va dans le syst\u00e8me scolaire. \u00ab Nous ne m\u00e9nagerons aucun effort pour nous donner les moyens n\u00e9cessaires de nous battre fermement jusqu\u2019\u00e0 la lev\u00e9e de ces mesures.<\/p>\n<p>Nous nous r\u00e9servons le droit de mener d\u2019autres actions plus fortes et vigoureuses, si \u00e0 l\u2019issue de cette interpellation rien n\u2019est fait au sens de la lev\u00e9e pure et simple de ces mesures impopulaires et inopportunes \u00bb, a averti le repr\u00e9sentant de l\u2019AESO. C\u2019est pourquoi, une d\u00e9l\u00e9gation des \u00e9l\u00e8ves a \u00e9t\u00e9 constitu\u00e9e pour rencontrer le ministre Stanislas Ouaro afin de livrer leurs revendications. Accueilli par le secr\u00e9taire g\u00e9n\u00e9ral du MENAPLN, Kalifa Traor\u00e9, celui-ci leur a promis de transmettre leurs dol\u00e9ances \u00e0 qui de droit. Cette gr\u00e8ve, d\u00e9but\u00e9e, le lundi 29 mars 2021 \u00e0 Ouagadougou, est pr\u00e9vue pour 48 heures, selon les manifestants.<\/p>\n<p class=\"c1\"><strong>Ir\u00e8ne Laure YAMEOGO<\/strong><br \/><strong>(Stagiaire)<\/strong><\/p>\n<div class=\"td-a-rec td-a-rec-id-content_bottom tdi_33_ac6 td_block_template_1\">\n<p><img loading=\"lazy\" decoding=\"async\" class=\"aligncenter size-full wp-image-27454\" src=\"https:\/\/www.sidwaya.info\/wp-content\/uploads\/2020\/10\/PUB-Bandeau-paiement-mobile-siteweb.jpg\" alt=\"\" width=\"728\" height=\"90\"\/><\/div>\n<p>Auteur: BM. Sidwaya<br \/>\n<a href=\"https:\/\/www.sidwaya.info\/blog\/2021\/03\/29\/reformes-scolaires-des-eleves-dans-la-rue-de-ouagadougou-pour-dire-non\/\">Cliquez ici pour lire l&rsquo;article depuis sa source.<\/a><\/p>\n","protected":false},"excerpt":{"rendered":"<p>Regroup\u00e9s devant le minist\u00e8re de l\u2019Education nationale, de l\u2019Alphab\u00e9tisation et de la Promotion des langues nationales, le lundi 29 mars 2021 \u00e0 Ouagadougou, des \u00e9l\u00e8ves ont exprim\u00e9 leur m\u00e9contentement face aux nouvelles r\u00e9formes entreprises par le gouvernement relativement \u00e0 l\u2019organisation des examens de fin d\u2019ann\u00e9e et la suspension des activit\u00e9s culturelles dans les \u00e9tablissements scolaires. [&hellip;]<\/p>\n","protected":false},"author":1816,"featured_media":0,"comment_status":"closed","ping_status":"closed","sticky":false,"template":"","format":"standard","meta":{"fifu_image_url":"https:\/\/www.sidwaya.info\/wp-content\/uploads\/2021\/03\/1-48.jpg","fifu_image_alt":"R\u00e9formes scolaires : des \u00e9l\u00e8ves dans la rue  de Ouagadougou pour dire \u2018\u2019non\u2019\u2019","footnotes":""},"categories":[73,81],"tags":[],"class_list":["post-114011","post","type-post","status-publish","format-standard","hentry","category-actualite","category-burkina-faso"],"_links":{"self":[{"href":"https:\/\/linitiative.ca\/International\/wp-json\/wp\/v2\/posts\/114011","targetHints":{"allow":["GET"]}}],"collection":[{"href":"https:\/\/linitiative.ca\/International\/wp-json\/wp\/v2\/posts"}],"about":[{"href":"https:\/\/linitiative.ca\/International\/wp-json\/wp\/v2\/types\/post"}],"author":[{"embeddable":true,"href":"https:\/\/linitiative.ca\/International\/wp-json\/wp\/v2\/users\/1816"}],"replies":[{"embeddable":true,"href":"https:\/\/linitiative.ca\/International\/wp-json\/wp\/v2\/comments?post=114011"}],"version-history":[{"count":0,"href":"https:\/\/linitiative.ca\/International\/wp-json\/wp\/v2\/posts\/114011\/revisions"}],"wp:attachment":[{"href":"https:\/\/linitiative.ca\/International\/wp-json\/wp\/v2\/media?parent=114011"}],"wp:term":[{"taxonomy":"category","embeddable":true,"href":"https:\/\/linitiative.ca\/International\/wp-json\/wp\/v2\/categories?post=114011"},{"taxonomy":"post_tag","embeddable":true,"href":"https:\/\/linitiative.ca\/International\/wp-json\/wp\/v2\/tags?post=114011"}],"curies":[{"name":"wp","href":"https:\/\/api.w.org\/{rel}","templated":true}]}}