{"id":114014,"date":"2021-03-30T10:23:11","date_gmt":"2021-03-30T14:23:11","guid":{"rendered":"https:\/\/linitiative.ca\/International\/mali-une-frappe-francaise-a-tue-19-civils-en-janvier-2021-enquete-onu\/"},"modified":"2021-03-30T10:23:11","modified_gmt":"2021-03-30T14:23:11","slug":"mali-une-frappe-francaise-a-tue-19-civils-en-janvier-2021-enquete-onu","status":"publish","type":"post","link":"https:\/\/linitiative.ca\/International\/mali-une-frappe-francaise-a-tue-19-civils-en-janvier-2021-enquete-onu\/","title":{"rendered":"Mali : une frappe fran\u00e7aise a tu\u00e9 19 civils en janvier 2021 (enqu\u00eate ONU)"},"content":{"rendered":"<div class=\"td-post-featured-image\"><a href=\"https:\/\/www.sidwaya.info\/wp-content\/uploads\/2021\/03\/mirage-e1538679402358.jpg\" data-caption=\"\"><img loading=\"lazy\" decoding=\"async\" width=\"696\" height=\"464\" class=\"entry-thumb td-modal-image\" src=\"https:\/\/www.sidwaya.info\/wp-content\/uploads\/2021\/03\/mirage-e1538679402358-696x464.jpg\" srcset=\"https:\/\/www.sidwaya.info\/wp-content\/uploads\/2021\/03\/mirage-e1538679402358-696x464.jpg 696w, https:\/\/www.sidwaya.info\/wp-content\/uploads\/2021\/03\/mirage-e1538679402358-300x200.jpg 300w, https:\/\/www.sidwaya.info\/wp-content\/uploads\/2021\/03\/mirage-e1538679402358-768x512.jpg 768w, https:\/\/www.sidwaya.info\/wp-content\/uploads\/2021\/03\/mirage-e1538679402358-150x100.jpg 150w, https:\/\/www.sidwaya.info\/wp-content\/uploads\/2021\/03\/mirage-e1538679402358-630x420.jpg 630w, https:\/\/www.sidwaya.info\/wp-content\/uploads\/2021\/03\/mirage-e1538679402358.jpg 800w\" sizes=\"auto, (max-width: 696px) 100vw, 696px\" alt=\"\" title=\"mirage-e1538679402358\"\/><\/a><\/div>\n<p>Selon une enqu\u00eate de l\u2019ONU publi\u00e9e\u00a0\u00a0ce mardi 30 mars 2021, une frappe fran\u00e7aise\u00a0\u00a0pr\u00e8s de la ville de Bounti a cout\u00e9 la vie \u00e0 19 civils le 3 janvier 2021. Le rapport indique que les victimes \u00e9taient\u00a0\u00a0r\u00e9unis pour un mariage, et non pas seulement des membres de groupes arm\u00e9s, comme l\u2019a soutenu Paris. A l\u2019\u00e9poque, les autorit\u00e9s fran\u00e7aises et maliennes avaient alors affirm\u00e9 que les avions de chasse fran\u00e7ais avaient vis\u00e9 et \u00e9limin\u00e9 des dizaines de djihadistes et qu\u2019il n\u2019y avait ni mariage, ni femmes, ni enfants.<\/p>\n<p>L\u2019enqu\u00eate a \u00e9t\u00e9 men\u00e9e par la Division des droits de l\u2019Homme de la Mission de l\u2019ONU au Mali (Minusma), appuy\u00e9e par la police scientifique des Nations unies, sur ces \u00e9v\u00e8nements survenus pr\u00e8s de Bounti dans le centre du pays.<\/p>\n<p><strong>La R\u00e9daction<\/strong><\/p>\n<div class=\"td-a-rec td-a-rec-id-content_bottom tdi_33_b75 td_block_template_1\">\n<p><img loading=\"lazy\" decoding=\"async\" class=\"aligncenter size-full wp-image-27454\" src=\"https:\/\/www.sidwaya.info\/wp-content\/uploads\/2020\/10\/PUB-Bandeau-paiement-mobile-siteweb.jpg\" alt=\"\" width=\"728\" height=\"90\"\/><\/div>\n<p>Auteur: Wamini SIDWAYA<br \/>\n<a href=\"https:\/\/www.sidwaya.info\/blog\/2021\/03\/30\/mali-une-frappe-francaise-a-tue-19-civils-en-janvier-2021-enquete-onu\/\">Cliquez ici pour lire l&rsquo;article depuis sa source.<\/a><\/p>\n","protected":false},"excerpt":{"rendered":"<p>Selon une enqu\u00eate de l\u2019ONU publi\u00e9e\u00a0\u00a0ce mardi 30 mars 2021, une frappe fran\u00e7aise\u00a0\u00a0pr\u00e8s de la ville de Bounti a cout\u00e9 la vie \u00e0 19 civils le 3 janvier 2021. Le rapport indique que les victimes \u00e9taient\u00a0\u00a0r\u00e9unis pour un mariage, et non pas seulement des membres de groupes arm\u00e9s, comme l\u2019a soutenu Paris. A l\u2019\u00e9poque, les [&hellip;]<\/p>\n","protected":false},"author":1816,"featured_media":0,"comment_status":"closed","ping_status":"closed","sticky":false,"template":"","format":"standard","meta":{"fifu_image_url":"https:\/\/www.sidwaya.info\/wp-content\/uploads\/2021\/03\/mirage-e1538679402358-696x464.jpg","fifu_image_alt":"Mali : une frappe fran\u00e7aise a tu\u00e9 19 civils en janvier 2021 (enqu\u00eate ONU)","footnotes":""},"categories":[73,81],"tags":[],"class_list":["post-114014","post","type-post","status-publish","format-standard","hentry","category-actualite","category-burkina-faso"],"_links":{"self":[{"href":"https:\/\/linitiative.ca\/International\/wp-json\/wp\/v2\/posts\/114014","targetHints":{"allow":["GET"]}}],"collection":[{"href":"https:\/\/linitiative.ca\/International\/wp-json\/wp\/v2\/posts"}],"about":[{"href":"https:\/\/linitiative.ca\/International\/wp-json\/wp\/v2\/types\/post"}],"author":[{"embeddable":true,"href":"https:\/\/linitiative.ca\/International\/wp-json\/wp\/v2\/users\/1816"}],"replies":[{"embeddable":true,"href":"https:\/\/linitiative.ca\/International\/wp-json\/wp\/v2\/comments?post=114014"}],"version-history":[{"count":0,"href":"https:\/\/linitiative.ca\/International\/wp-json\/wp\/v2\/posts\/114014\/revisions"}],"wp:attachment":[{"href":"https:\/\/linitiative.ca\/International\/wp-json\/wp\/v2\/media?parent=114014"}],"wp:term":[{"taxonomy":"category","embeddable":true,"href":"https:\/\/linitiative.ca\/International\/wp-json\/wp\/v2\/categories?post=114014"},{"taxonomy":"post_tag","embeddable":true,"href":"https:\/\/linitiative.ca\/International\/wp-json\/wp\/v2\/tags?post=114014"}],"curies":[{"name":"wp","href":"https:\/\/api.w.org\/{rel}","templated":true}]}}