{"id":114016,"date":"2021-03-30T14:18:03","date_gmt":"2021-03-30T18:18:03","guid":{"rendered":"https:\/\/linitiative.ca\/International\/mozambique-la-ville-cotiere-de-palma-aux-mains-de-letat-islamique\/"},"modified":"2021-03-30T14:18:03","modified_gmt":"2021-03-30T18:18:03","slug":"mozambique-la-ville-cotiere-de-palma-aux-mains-de-letat-islamique","status":"publish","type":"post","link":"https:\/\/linitiative.ca\/International\/mozambique-la-ville-cotiere-de-palma-aux-mains-de-letat-islamique\/","title":{"rendered":"Mozambique : la ville c\u00f4ti\u00e8re de Palma aux mains de l\u2019Etat islamique"},"content":{"rendered":"<div readability=\"32\">\n<p>Publi\u00e9 le 30.03.2021 \u00e0 19h18 par APA News<\/p>\n<\/div>\n<div readability=\"70\">\n<p>Le groupe \u00c9tat islamique a affirm\u00e9 lundi avoir pris le contr\u00f4le de la ville c\u00f4ti\u00e8re de Palma au Mozambique apr\u00e8s plusieurs jours de combats.\u00ab Les soldats du califat se sont empar\u00e9s de la ville strat\u00e9gique de Palma\u00a0\u00bb, a d\u00e9clar\u00e9 le groupe dans un communiqu\u00e9. L\u2019\u00c9tat islamique avait tu\u00e9 des dizaines de soldats et de \u00ab membres des \u00c9tats latins d\u2019Orient\u00bb, son terme pour d\u00e9signer les ressortissants occidentaux.<\/p>\n<p>Cette annonce fait suite \u00e0 plus de quatre jours de combats qui ont d\u00e9but\u00e9 mercredi dernier lorsque des insurg\u00e9s li\u00e9s au groupe ont attaqu\u00e9 Palma, une ville d\u2019environ 75.000 habitants situ\u00e9e dans la province mozambicaine de Cabo Delgado, riche en ressources naturelles.<\/p>\n<p>L\u2019attaque a laiss\u00e9 la ville d\u00e9serte, des milliers de personnes ayant \u00e9t\u00e9 contraintes de fuir la ville vers la capitale provinciale, Pemba, selon les agences humanitaires.<\/p>\n<p>Les sources des agences d\u2019aide internationale ont d\u00e9clar\u00e9 qu\u2019entre 6.000 et 10.000 personnes attendent d\u2019\u00eatre \u00e9vacu\u00e9es en lieu s\u00fbr suite au raid sur Palma qui a commenc\u00e9 mercredi dernier.<\/p>\n<p>Le gouvernement a d\u00e9clar\u00e9 que des dizaines de personnes, dont un ressortissant sud-africain, ont \u00e9t\u00e9 tu\u00e9es dans l\u2019attaque, y compris sept personnes prises dans une embuscade lors d\u2019une op\u00e9ration visant \u00e0 les \u00e9vacuer d\u2019un h\u00f4tel o\u00f9 elles avaient trouv\u00e9 refuge.<\/p>\n<p>Le porte-parole du minist\u00e8re mozambicain de la D\u00e9fense, Omar Saranga, a toutefois d\u00e9clar\u00e9 que les insurg\u00e9s n\u2019avaient pu occuper aucune des positions tenues par les forces de d\u00e9fense et de s\u00e9curit\u00e9 qui avaient tenu bon \u00e0 Palma, et avaient assur\u00e9 l\u2019\u00e9vacuation de centaines de personnes.<\/p>\n<p>Avant d\u2019ajouter que les forces mozambicaines poursuivent les terroristes dans l\u2019intention \u00ab d\u2019\u00e9liminer certaines poches de r\u00e9sistance sporadique \u00bb.<\/p>\n<\/div>\n<p>Auteur: APA News<br \/>\n<a href=\"https:\/\/www.journalducameroun.com\/mozambique-la-ville-cotiere-de-palma-aux-mains-de-letat-islamique\/\">Cliquez ici pour lire l&rsquo;article depuis sa source.<\/a><\/p>\n","protected":false},"excerpt":{"rendered":"<p>Publi\u00e9 le 30.03.2021 \u00e0 19h18 par APA News Le groupe \u00c9tat islamique a affirm\u00e9 lundi avoir pris le contr\u00f4le de la ville c\u00f4ti\u00e8re de Palma au Mozambique apr\u00e8s plusieurs jours de combats.\u00ab Les soldats du califat se sont empar\u00e9s de la ville strat\u00e9gique de Palma\u00a0\u00bb, a d\u00e9clar\u00e9 le groupe dans un communiqu\u00e9. L\u2019\u00c9tat islamique avait [&hellip;]<\/p>\n","protected":false},"author":1965,"featured_media":0,"comment_status":"closed","ping_status":"closed","sticky":false,"template":"","format":"standard","meta":{"fifu_image_url":"","fifu_image_alt":"","footnotes":""},"categories":[73,82],"tags":[],"class_list":["post-114016","post","type-post","status-publish","format-standard","hentry","category-actualite","category-cameroun"],"_links":{"self":[{"href":"https:\/\/linitiative.ca\/International\/wp-json\/wp\/v2\/posts\/114016","targetHints":{"allow":["GET"]}}],"collection":[{"href":"https:\/\/linitiative.ca\/International\/wp-json\/wp\/v2\/posts"}],"about":[{"href":"https:\/\/linitiative.ca\/International\/wp-json\/wp\/v2\/types\/post"}],"author":[{"embeddable":true,"href":"https:\/\/linitiative.ca\/International\/wp-json\/wp\/v2\/users\/1965"}],"replies":[{"embeddable":true,"href":"https:\/\/linitiative.ca\/International\/wp-json\/wp\/v2\/comments?post=114016"}],"version-history":[{"count":0,"href":"https:\/\/linitiative.ca\/International\/wp-json\/wp\/v2\/posts\/114016\/revisions"}],"wp:attachment":[{"href":"https:\/\/linitiative.ca\/International\/wp-json\/wp\/v2\/media?parent=114016"}],"wp:term":[{"taxonomy":"category","embeddable":true,"href":"https:\/\/linitiative.ca\/International\/wp-json\/wp\/v2\/categories?post=114016"},{"taxonomy":"post_tag","embeddable":true,"href":"https:\/\/linitiative.ca\/International\/wp-json\/wp\/v2\/tags?post=114016"}],"curies":[{"name":"wp","href":"https:\/\/api.w.org\/{rel}","templated":true}]}}