{"id":114017,"date":"2021-03-30T14:18:04","date_gmt":"2021-03-30T18:18:04","guid":{"rendered":"https:\/\/linitiative.ca\/International\/politique-et-football-en-vedette-dans-la-presse-senegalaise\/"},"modified":"2021-03-30T14:18:04","modified_gmt":"2021-03-30T18:18:04","slug":"politique-et-football-en-vedette-dans-la-presse-senegalaise","status":"publish","type":"post","link":"https:\/\/linitiative.ca\/International\/politique-et-football-en-vedette-dans-la-presse-senegalaise\/","title":{"rendered":"Politique et football en vedette dans la presse s\u00e9n\u00e9galaise"},"content":{"rendered":"<div readability=\"32\">\n<p>Publi\u00e9 le 30.03.2021 \u00e0 19h18 par APA News<\/p>\n<\/div>\n<div readability=\"112\">\n<p>Les quotidiens s\u00e9n\u00e9galais parvenus mardi \u00e0 APA traitent d\u2019une diversit\u00e9 de sujets domin\u00e9s par la controverse autour de l\u2019organisation des \u00e9lections locales et le match de l\u2019\u00e9quipe nationale face \u00e0 l\u2019Eswatini, cet apr\u00e8s-midi.L\u2019AS titre sur le d\u00e9saccord \u00e0 propos de la date des prochaines \u00e9lections locales, constituant \u00ab l\u2019autre bombe \u00e0 d\u00e9samorcer \u00bb apr\u00e8s la tension sociopolitique v\u00e9cue ces derniers jours par le pays. Pour Sud Quotidien, \u00ab Macky +plombe+ le dialogue politique \u00bb avec ce report des locales apr\u00e8s un non consensus des acteurs.<\/p>\n<p>Le journal note que \u00ab\u00a0le pouvoir impose 2022, ann\u00e9e des L\u00e9gislatives\u00a0\u00bb. A l\u2019inverse, l\u2019opposition et les non-align\u00e9s \u00ab\u00a0indexent\u2026 un agenda secret\u00a0\u00bb. Mais pour lever toute \u00e9quivoque, la soci\u00e9t\u00e9 civile et les experts \u00e9lectoraux \u00ab\u00a0votent fin 2021\u00a0\u00bb.<\/p>\n<p>Le Soleil titre sur l\u2019emploi des jeunes, \u00ab\u00a0l\u2019\u00e9ternel d\u00e9fi\u00a0\u00bb. Le quotidien national illustre son article par le pr\u00e9sident Macky Sall, au milieu de jeunes lors du lancement de la deuxi\u00e8me phase des financements de la D\u00e9l\u00e9gation g\u00e9n\u00e9rale \u00e0 l\u2019entreprenariat rapide (Der), au Cicad de Diamniadio.<\/p>\n<p>Walf Quotidien titre sur le secteur de la sant\u00e9 qui vit une \u00ab\u00a0\u00e9pid\u00e9mie de grogne\u00a0\u00bb suite au non-respect des accords et l\u2019in\u00e9galit\u00e9 de traitement des agents.<\/p>\n<p>Sur l\u2019impact social de la pand\u00e9mie de Covid-19, L\u2019Observateur constate une \u00ab\u00a0terrible d\u00e9tresse\u00a0\u00bb avec des chefs de famille licenci\u00e9s qui racontent les pires moments de leur vie. \u00ab\u00a0Je ne parviens plus \u00e0 effectuer mes d\u00e9penses intimes\u00a0; Je suis h\u00e9berg\u00e9, avec ma famille, par mon oncle\u00a0; On m\u2019offre du poisson que je vends pour nourrir ma famille\u00a0\u00bb, sont entre autres t\u00e9moignages rapport\u00e9s par le quotidien.<\/p>\n<p>Le Quotidien rapporte \u00ab\u00a0le sermon de Oumar Di\u00e8ne\u00a0\u00bb, le nouveau pr\u00e9sident de la Commission nationale de concertation sur le croissant lunaire (Conacoc), apr\u00e8s la sortie de l\u2019imam de la Grande mosqu\u00e9e de Dakar. Pour lui, \u00ab\u00a0la voix de Alioune Moussa Samb ne d\u00e9passe pas la Grande mosqu\u00e9e\u00a0\u00bb. Il confie d\u2019ailleurs avoir \u00ab\u00a0un vieux contentieux\u00a0\u00bb avec lui.<\/p>\n<p>De son c\u00f4t\u00e9, Serigne Modou Kara, un autre dignitaire religieux de Touba (centre), \u00ab\u00a0tance tout le monde\u00a0\u00bb dans Vox Populi apr\u00e8s les violences n\u00e9es dans le pays en d\u00e9but mars. \u00ab\u00a0On doit tous avoir honte\u00a0\u00bb, a-t-il dit.<\/p>\n<p>Lib\u00e9ration titre sur le c\u00e9l\u00e8bre activiste Guy Marius Sagna, \u00ab\u00a0l\u2019homme aux +trois libert\u00e9s provisoires+\u00a0\u00bb. Le journal souligne que tous les dossiers sont au niveau du doyen des juges. L\u2019activiste a \u00e9t\u00e9 \u00ab\u00a0plac\u00e9 en garde \u00e0 vue plus de 30 fois\u00a0\u00bb. Aujourd\u2019hui, \u00ab\u00a0des millions sont r\u00e9colt\u00e9s en quelques jours apr\u00e8s le lancement d\u2019une cagnotte pour lui acheter une voiture\u00a0\u00bb.<\/p>\n<p>En football\u00a0: \u00ab\u00a0Offrez-nous du jeu et des buts\u00a0\u00bb, demande en Une Record aux Lions du S\u00e9n\u00e9gal qui affrontent cet apr\u00e8s-midi (16h) l\u2019\u00e9quipe nationale d\u2019Eswatini pour la sixi\u00e8me et derni\u00e8re journ\u00e9e des \u00e9liminatoires de la Can 2022. Pour exaucer ce v\u0153u, le s\u00e9lectionneur Aliou Ciss\u00e9 promet de mettre \u00ab\u00a0une bonne \u00e9quipe pour finir en beaut\u00e9\u00a0\u00bb.<\/p>\n<p>D\u2019ailleurs, informe le journal, l\u2019entraineur s\u00e9n\u00e9galais \u00ab\u00a0maintient son 3-5-2\u00a0\u00bb, le syst\u00e8me qu\u2019il avait exp\u00e9riment\u00e9 vendredi dernier face au Congo (0-0). \u00ab\u00a0R\u00e9ussir le coup tactique en 3-5-2\u00a0\u00bb, titre pour sa part Stades, un autre quotidien sportif.<\/p>\n<p>\u00ab Nous avons envie de r\u00e9p\u00e9ter le 3-5-2 \u00bb, fait savoir l\u2019ancien capitaine des Lions de 2002, \u00e9galement confort\u00e9 par Badara Sarr, un technicien local. \u00ab C\u2019est le moment de bien huiler 3-5-2 \u00bb, a-t-il exhort\u00e9.<\/p>\n<\/div>\n<p>Auteur: APA News<br \/>\n<a href=\"https:\/\/www.journalducameroun.com\/politique-et-football-en-vedette-dans-la-presse-senegalaise\/\">Cliquez ici pour lire l&rsquo;article depuis sa source.<\/a><\/p>\n","protected":false},"excerpt":{"rendered":"<p>Publi\u00e9 le 30.03.2021 \u00e0 19h18 par APA News Les quotidiens s\u00e9n\u00e9galais parvenus mardi \u00e0 APA traitent d\u2019une diversit\u00e9 de sujets domin\u00e9s par la controverse autour de l\u2019organisation des \u00e9lections locales et le match de l\u2019\u00e9quipe nationale face \u00e0 l\u2019Eswatini, cet apr\u00e8s-midi.L\u2019AS titre sur le d\u00e9saccord \u00e0 propos de la date des prochaines \u00e9lections locales, constituant [&hellip;]<\/p>\n","protected":false},"author":1965,"featured_media":0,"comment_status":"closed","ping_status":"closed","sticky":false,"template":"","format":"standard","meta":{"fifu_image_url":"","fifu_image_alt":"","footnotes":""},"categories":[73,82],"tags":[],"class_list":["post-114017","post","type-post","status-publish","format-standard","hentry","category-actualite","category-cameroun"],"_links":{"self":[{"href":"https:\/\/linitiative.ca\/International\/wp-json\/wp\/v2\/posts\/114017","targetHints":{"allow":["GET"]}}],"collection":[{"href":"https:\/\/linitiative.ca\/International\/wp-json\/wp\/v2\/posts"}],"about":[{"href":"https:\/\/linitiative.ca\/International\/wp-json\/wp\/v2\/types\/post"}],"author":[{"embeddable":true,"href":"https:\/\/linitiative.ca\/International\/wp-json\/wp\/v2\/users\/1965"}],"replies":[{"embeddable":true,"href":"https:\/\/linitiative.ca\/International\/wp-json\/wp\/v2\/comments?post=114017"}],"version-history":[{"count":0,"href":"https:\/\/linitiative.ca\/International\/wp-json\/wp\/v2\/posts\/114017\/revisions"}],"wp:attachment":[{"href":"https:\/\/linitiative.ca\/International\/wp-json\/wp\/v2\/media?parent=114017"}],"wp:term":[{"taxonomy":"category","embeddable":true,"href":"https:\/\/linitiative.ca\/International\/wp-json\/wp\/v2\/categories?post=114017"},{"taxonomy":"post_tag","embeddable":true,"href":"https:\/\/linitiative.ca\/International\/wp-json\/wp\/v2\/tags?post=114017"}],"curies":[{"name":"wp","href":"https:\/\/api.w.org\/{rel}","templated":true}]}}