{"id":114018,"date":"2021-03-30T14:18:04","date_gmt":"2021-03-30T18:18:04","guid":{"rendered":"https:\/\/linitiative.ca\/International\/sante-education-et-militaire-au-menu-des-quotidiens-marocains\/"},"modified":"2021-03-30T14:18:04","modified_gmt":"2021-03-30T18:18:04","slug":"sante-education-et-militaire-au-menu-des-quotidiens-marocains","status":"publish","type":"post","link":"https:\/\/linitiative.ca\/International\/sante-education-et-militaire-au-menu-des-quotidiens-marocains\/","title":{"rendered":"Sant\u00e9, \u00e9ducation et militaire au menu des quotidiens marocains"},"content":{"rendered":"<div readability=\"32\">\n<p>Publi\u00e9 le 30.03.2021 \u00e0 19h18 par APA News<\/p>\n<\/div>\n<div readability=\"95\">\n<p>Les mesures de lutte contre l\u2019\u00e9pid\u00e9mie du coronavirus durant Ramadan, la gr\u00e8ve des enseignants cadres des acad\u00e9mies r\u00e9gionales de l\u2019\u00e9ducation et et le classement de l\u2019arm\u00e9e marocaine au niveau mondial sont les principaux sujets trait\u00e9s par les quotidiens marocains parus ce mardi.+Aujourd\u2019hui le Maroc+, qui aborde les mesures \u00e0 prendre contre le coronavirus durant Ramadan, \u00e9crit qu\u2019\u00e0 l\u2019approche du mois de Ramadan, les questions se posent de plus en plus sur ce qui sera pris comme mesure au regard de la situation sanitaire toujours d\u00e9licate et des habitudes de vie des familles marocaines durant le mois de je\u00fbne.<\/p>\n<p>L\u2019ann\u00e9e derni\u00e8re, en plein confinement de la premi\u00e8re vague, les mesures coulaient presque de source et faisaient quasiment l\u2019unanimit\u00e9 tellement la situation avait pris de court tout le monde, mais cette ann\u00e9e, la situation est nettement diff\u00e9rente, rel\u00e8ve le journal.<\/p>\n<p>Douze mois sont pass\u00e9s, les dispositifs mis en place par les pouvoirs publics en r\u00e9ponse \u00e0 la crise ont \u00e9volu\u00e9 avec l\u2019\u00e9volution de l\u2019\u00e9pid\u00e9mie et, surtout aussi, les Marocains ont appris \u00e0 vivre avec le virus, \u00e0 tel point que depuis quelques semaines, un certain rel\u00e2chement g\u00e9n\u00e9ral semble s\u2019\u00eatre install\u00e9, constate-t-il, soulignant l\u2019imp\u00e9ratif de faire preuve \u00e0 la fois de \u00ab lucidit\u00e9 \u00bb et de \u00ab fermet\u00e9 \u00bb pour \u00e9viter une troisi\u00e8me vague, qui serait fatale.<\/p>\n<p>+L\u2019Economiste+, qui s\u2019attarde pour sa part sur la gr\u00e8ve des professeurs cadres des Acad\u00e9mies r\u00e9gionales de l\u2019\u00e9ducation, se demande \u00ab comment leur donner raison alors qu\u2019ils ont tr\u00e8s peu \u00e0 envier \u00e0 leurs autres coll\u00e8gues \u00bb, pr\u00e9cisant que ces enseignants sont des fonctionnaires et que leur nouveau cadre est similaire \u00e0 celui des professeurs relevant du minist\u00e8re de l\u2019\u00c9ducation, y compris sur les possibilit\u00e9s de progression de carri\u00e8re.<\/p>\n<p>La publication souligne que si les pouvoirs publics y ont investi massivement, \u00ab ce n\u2019est pas pour s\u2019en servir en tant que fusibles, mais parce que ces profils r\u00e9pondent \u00e0 un besoin r\u00e9el \u00bb.<\/p>\n<p>+Al Ahdath Al Maghribia+ cite le dernier classement du site am\u00e9ricain Global Firepower, sp\u00e9cialis\u00e9 dans les affaires militaires selon lequel les Forces arm\u00e9es royales (FAR) se classent dans le top 10 mondial des arm\u00e9es blind\u00e9es en 2021.<\/p>\n<p>Cette position, les Forces arm\u00e9es royales la doivent essentiellement \u00e0 leurs nombreuses acquisitions, notamment celle des 3.003 chars. De quoi permettre au Royaume de d\u00e9classer l\u2019Alg\u00e9rie qui se contente de la 15e position \u00e0 l\u2019\u00e9chelle mondiale, avec seulement 2024 chars acquis en 2020.<\/p>\n<p>Le quotidien explique que les acquisitions de l\u2019arm\u00e9e marocaine ont permis au Royaume de d\u00e9classer plusieurs pays europ\u00e9ens et arabes, notamment l\u2019Arabie saoudite, class\u00e9e \u00e0 la 21e position, et les Emirats Arabes Unis, class\u00e9s \u00e0 la 35\u00e8me position.<\/p>\n<\/div>\n<p>Auteur: APA News<br \/>\n<a href=\"https:\/\/www.journalducameroun.com\/sante-education-et-militaire-au-menu-des-quotidiens-marocains\/\">Cliquez ici pour lire l&rsquo;article depuis sa source.<\/a><\/p>\n","protected":false},"excerpt":{"rendered":"<p>Publi\u00e9 le 30.03.2021 \u00e0 19h18 par APA News Les mesures de lutte contre l\u2019\u00e9pid\u00e9mie du coronavirus durant Ramadan, la gr\u00e8ve des enseignants cadres des acad\u00e9mies r\u00e9gionales de l\u2019\u00e9ducation et et le classement de l\u2019arm\u00e9e marocaine au niveau mondial sont les principaux sujets trait\u00e9s par les quotidiens marocains parus ce mardi.+Aujourd\u2019hui le Maroc+, qui aborde les [&hellip;]<\/p>\n","protected":false},"author":1965,"featured_media":0,"comment_status":"closed","ping_status":"closed","sticky":false,"template":"","format":"standard","meta":{"fifu_image_url":"","fifu_image_alt":"","footnotes":""},"categories":[73,82],"tags":[],"class_list":["post-114018","post","type-post","status-publish","format-standard","hentry","category-actualite","category-cameroun"],"_links":{"self":[{"href":"https:\/\/linitiative.ca\/International\/wp-json\/wp\/v2\/posts\/114018","targetHints":{"allow":["GET"]}}],"collection":[{"href":"https:\/\/linitiative.ca\/International\/wp-json\/wp\/v2\/posts"}],"about":[{"href":"https:\/\/linitiative.ca\/International\/wp-json\/wp\/v2\/types\/post"}],"author":[{"embeddable":true,"href":"https:\/\/linitiative.ca\/International\/wp-json\/wp\/v2\/users\/1965"}],"replies":[{"embeddable":true,"href":"https:\/\/linitiative.ca\/International\/wp-json\/wp\/v2\/comments?post=114018"}],"version-history":[{"count":0,"href":"https:\/\/linitiative.ca\/International\/wp-json\/wp\/v2\/posts\/114018\/revisions"}],"wp:attachment":[{"href":"https:\/\/linitiative.ca\/International\/wp-json\/wp\/v2\/media?parent=114018"}],"wp:term":[{"taxonomy":"category","embeddable":true,"href":"https:\/\/linitiative.ca\/International\/wp-json\/wp\/v2\/categories?post=114018"},{"taxonomy":"post_tag","embeddable":true,"href":"https:\/\/linitiative.ca\/International\/wp-json\/wp\/v2\/tags?post=114018"}],"curies":[{"name":"wp","href":"https:\/\/api.w.org\/{rel}","templated":true}]}}