{"id":114020,"date":"2021-03-30T12:15:48","date_gmt":"2021-03-30T16:15:48","guid":{"rendered":"https:\/\/linitiative.ca\/International\/statistiques-agricoles-le-recensement-general-agricole-dans-les-tiroirs-depuis-8-ans\/"},"modified":"2021-03-30T12:15:48","modified_gmt":"2021-03-30T16:15:48","slug":"statistiques-agricoles-le-recensement-general-agricole-dans-les-tiroirs-depuis-8-ans","status":"publish","type":"post","link":"https:\/\/linitiative.ca\/International\/statistiques-agricoles-le-recensement-general-agricole-dans-les-tiroirs-depuis-8-ans\/","title":{"rendered":"Statistiques agricoles: le recensement g\u00e9n\u00e9ral agricole dans les tiroirs depuis 8 ans"},"content":{"rendered":"<p>\u00ab Encore un peu de patience. Tout est presque pr\u00eat \u00bb, jure-t-on au minist\u00e8re de l\u2019Agriculture et du d\u00e9veloppement rural (Minader) et au minist\u00e8re de l\u2019Elevage, des p\u00eaches et des industries animales (Minepia). Du moins, le Comit\u00e9 technique national du Recensement G\u00e9n\u00e9ral de l\u2019Agriculture et de l\u2019Elevage (Rgae) est formel : il sera lanc\u00e9 dans exactement trois mois c\u2019est-\u00e0-dire le 21 juin 2021. Lors de le 8 session du Comit\u00e9 technique, le 1 f\u00e9vrier dernier, le Minader, Gabriel Mbairobe s\u2019est voulu rassurant : \u00ab A cette date, nous pouvons dire que toutes les diligences administratives ont \u00e9t\u00e9 faites. Nous commen\u00e7ons \u00e0 voir le bout du tunnel. A partir du mois de mars 2021, nous entrerons dans la phase active du Rgae qui va connaitre son apoth\u00e9ose en juin-juillet par le d\u00e9nombrement \u00bb.<\/p>\n<p><strong>Lire aussi<\/strong> : <strong><a href=\"https:\/\/ecomatin.net\/population-agriculture-et-elevage-les-recensements-generaux-attendus-depuis-quatre-ans\/\">Population, agriculture et \u00e9levage\u00a0: les recensements g\u00e9n\u00e9raux attendus depuis quatre ans<\/a><\/strong><\/p>\n<p>Le Rgae sera coupl\u00e9 au 4e Recensement g\u00e9n\u00e9ral de la population et de l\u2019habitat (Rgph). Si cet autre calendrier est respect\u00e9, le Rgae aura ainsi accus\u00e9 un retard d\u2019au moins quatre ans. Annonc\u00e9 en d\u00e9but d\u2019ann\u00e9e 2013, le Rgae \u00e9tait pr\u00e9vu pour durer 42 mois, s\u2019\u00e9talant de juillet 2013 \u00e0 d\u00e9cembre 2016. La strat\u00e9gie de mise en \u0153uvre s\u2019articulait en quatre phases: la phase I (Juillet \u2013 D\u00e9cembre 2013): Elaboration des documents techniques du RGAE (Pr\u00e9paration administrative et technique du RGAE, Renforcement des capacit\u00e9s techniques et op\u00e9rationnelles) ; la phase II (Janvier \u2013 D\u00e9cembre 2014): R\u00e9alisation des Modules de Base et Communautaire (D\u00e9nombrement exhaustif, Traitement informatique, Analyse et Diffusion des r\u00e9sultats) ; la phase III (Janvier2015 \u2013 D\u00e9cembre 2016): R\u00e9alisation des Modules Compl\u00e9mentaires\/Th\u00e9matiques (D\u00e9nombrement par sondage, Traitement informatique, Analyse et Diffusion des r\u00e9sultats) ; la phase IV (Juillet 2013 \u2013 D\u00e9cembre 2016): Consolidation de CountrySTAT (Diss\u00e9mination\/Archivage des donn\u00e9es du RGAE, des enqu\u00eates et des statistiques courantes).<\/p>\n<p><strong>Donn\u00e9es obsol\u00e8tes<\/strong><\/p>\n<p>L\u2019op\u00e9ration permettra au Cameroun de se doter de statistiques fiables pour le suivi et l\u2019\u00e9valuation des initiatives en faveur des secteurs agropastoral, halieutique et rural. Les sp\u00e9cialistes expliquent que les statistiques constituent un outil d\u2019aide \u00e0 la d\u00e9cision parce qu\u2019elles permettent de faire de bonnes analyses, de mieux \u00e9laborer des politiques \u00e9conomiques, des planifications et des programmations. Toutes choses qui t\u00e9moignent de la n\u00e9cessit\u00e9 de la qualit\u00e9 des donn\u00e9es, notamment la pertinence, l\u2019exactitude, la fiabilit\u00e9, la coh\u00e9rence et l\u2019actualit\u00e9 desdites donn\u00e9es ; Lors du s\u00e9minaire national de sensibilisation des autorit\u00e9s nationales et des partenaires au d\u00e9veloppement sur le syst\u00e8me CountrySTAT, le 3 mai 2013, le ministre de l\u2019Agriculture et du D\u00e9veloppement rural (Minader) de l\u2019\u00e9poque, Essimi Menye, renaissait que \u00ab les donn\u00e9es de structure, vielles de 29 ans sont devenues obsol\u00e8tes, caduques. \u00bb De fait, les pr\u00e9c\u00e9dents Rgae remontent \u00e0 1984 et 1972.<\/p>\n<p><strong>Lire aussi<\/strong> : <strong><a href=\"https:\/\/ecomatin.net\/ou-est-passe-le-recensement-de-la-population\/\">O\u00f9 est pass\u00e9 le recensement de la population\u00a0?<\/a><\/strong><\/p>\n<p>Selon des sources concordantes proches du Minader et du Minepia expliquent le retard que connait ce dossier par les difficult\u00e9s de financement. Le diagnostic du syst\u00e8me national d\u2019information statistique a r\u00e9v\u00e9l\u00e9 qu\u2019il dispose des ressources tr\u00e8s limit\u00e9es pour jouer pleinement son r\u00f4le d\u2019\u00e9claireur et d\u2019aide de choix aux d\u00e9cisions. Pour la p\u00e9riode 2009 \u00e0 2011 par exemple, le financement total des op\u00e9rations statistiques du Minader et du Minepia \u00e9tait d\u2019environ 1,3 milliard de FCFA.<\/p>\n<p>En 2007 les premi\u00e8res estimations situaient le co\u00fbt total du Rgae \u00e0 environ 7 millions de dollars, soit 3,5 milliards de FCFA. En 2013, le budget pr\u00e9visionnel revu et corrig\u00e9 du Rgae \u00e9tait d\u2019environ 8,4 milliards de FCFA. Ce budget prend en compte des d\u00e9penses li\u00e9es aux personnels (nationaux et internationaux), mat\u00e9riels \u2013 fournitures et \u00e9quipements, contrats, formations, frais g\u00e9n\u00e9raux de fonctionnement et divers.<\/p>\n<p><strong>Projections macro\u00e9conomiques\u00a0: statistiques obsol\u00e8tes, cadrage budg\u00e9taire fauss\u00e9<\/strong><\/p>\n<p>Pays essentiellement agricole, le Cameroun est cependant confront\u00e9 \u00e0 une absence ou l\u2019obsolescence des donn\u00e9es quantitatives d\u2019ensemble, d\u00e9taill\u00e9es, actuelles et fiables dans ce secteur vital. Le dernier recensement date de 1984. Plus grave, depuis 1973, le Cameroun n\u2019a pas non plus r\u00e9alis\u00e9 de recensement du cheptel permettant de couvrir tout le pays et concernant toutes les esp\u00e8ces animales. Or, les sp\u00e9cialistes rappellent que les donn\u00e9es du recensement du cheptel sont d\u2019autant plus importantes qu\u2019elles constituent la base de la planification et de l\u2019\u00e9valuation de la performance du secteur de l\u2019\u00e9levage en termes de production et de contribution \u00e0 la s\u00e9curit\u00e9 alimentaire et au produit int\u00e9rieur brut. Ces anachronismes dans la gestion de la politique agropastorale du Cameroun seront bient\u00f4t corrig\u00e9s avec l\u2019organisation (imminente) du troisi\u00e8me Recensement G\u00e9n\u00e9ral de l\u2019Agriculture et de l\u2019Elevage (Rgae).<\/p>\n<p><strong>Lire aussi<\/strong> : <strong><a href=\"https:\/\/ecomatin.net\/developpement-ce-dividende-demographique-qui-hypotheque-lemergence\/\">D\u00e9veloppement\u00a0: ce dividende d\u00e9mographique qui hypoth\u00e8que l\u2019\u00e9mergence<\/a><\/strong><\/p>\n<p>Apr\u00e8s 1972 et 1984, le Rgae annonc\u00e9 va permettre au Cameroun de se doter de statistiques utiles pour le suivi et l\u2019\u00e9valuation des initiatives en faveur des secteurs agropastoral, halieutique et rural. De fait, il manque actuellement une nouvelle photographie pr\u00e9cise des structures de l\u2019agriculture camerounaise et des caract\u00e9ristiques de ses exploitations. Cette situation constitue un obstacle pour le gouvernement et les autres acteurs et intervenants dans le monde agropastoral et rural d\u00e9sireux de disposer de donn\u00e9es statistiques fiables, compl\u00e8tes et \u00e0 jour n\u00e9cessaires pour la formulation des programmes de d\u00e9veloppement, le suivi de la situation alimentaire et l\u2019estimation des grands agr\u00e9gats de la comptabilit\u00e9 nationale.<\/p>\n<p><strong>Navigation \u00e0 vue<\/strong><\/p>\n<p>En effet, il est difficile d\u2019avoir une id\u00e9e pr\u00e9cise sur l\u2019identification et l\u2019emplacement des exploitations agricoles au Cameroun ; le statut juridique de l\u2019exploitant agricole ; le sexe de l\u2019exploitant agricole ; l\u2019\u00e2ge de l\u2019exploitant agricole ; la taille du m\u00e9nage ; l\u2019objectif principal de la production de l\u2019exploitation ; la superficie de l\u2019exploitation ventil\u00e9e par type d\u2019utilisation des terres ; la superficie totale de l\u2019exploitation ; les modes de faire-valoir sur l\u2019exploitation ; la pr\u00e9sence ou non de l\u2019irrigation sur l\u2019exploitation ; les types de cultures temporaires pr\u00e9sentes sur l\u2019exploitation ; les types de cultures permanentes pr\u00e9sentes sur l\u2019exploitation, et men\u00e9es en plantations serr\u00e9es ; l\u2019effectif du cheptel sur l\u2019exploitation par type d\u2019animal ; la pr\u00e9sence ou non de d\u2019aquaculture sur l\u2019exploitation ; la pr\u00e9sence ou non de for\u00eats et d\u2019autres terres bois\u00e9es sur l\u2019exploitation, etc.<\/p>\n<p><strong>Lire aussi<\/strong> : <strong><a href=\"https:\/\/ecomatin.net\/protection-sociale-12-300-milliards-de-fcfa-a-mobiliser-sur-dix-ans\/\">Protection sociale\u00a0: 12\u00a0300 milliards \u00e0 mobiliser sur dix ans<\/a><\/strong><\/p>\n<p>De fait, cela fait des ann\u00e9es que les pr\u00e9visionnistes impliqu\u00e9s dans la pr\u00e9paration du budget de l\u2019Etat ne cessent de se plaindre de la qualit\u00e9 de l\u2019information statistique qui leur est fournie par diff\u00e9rentes administrations. Pendant la conf\u00e9rence annuelle des responsables des services centraux, d\u00e9concentr\u00e9s et ext\u00e9rieurs du minist\u00e8re des Finances en 2013 et 2014, Lazare Bela, alors Directeur des Affaires Economiques au minist\u00e8re des Finances, rappelait aux participants que \u00abla fiabilit\u00e9 du cadrage budg\u00e9taire d\u00e9pend de la qualit\u00e9 des informations quantitatives et qualitatives fournies par les acteurs, que ce soit les projections du PIB et du taux de croissance, ou encore les pr\u00e9visions de recettes budg\u00e9taires \u00bb. Or, l\u2019absence ou l\u2019obsolescence des informations statistiques sont de nature \u00e0 induire les pr\u00e9visionnistes en erreur. Selon les chiffres officiels, l\u2019agriculture et le secteur informel repr\u00e9sentent 40% du PIB. Mais \u00ab on n\u2019est pas certains que la plupart des donn\u00e9es relatives \u00e0 ces secteurs refl\u00e8tent la r\u00e9alit\u00e9 \u00e9conomique \u00bb, pr\u00e9venait l\u2019\u00e9conomiste-statisticien chevronn\u00e9.<\/p>\n<p><strong>Lire aussi<\/strong> : <strong><a href=\"https:\/\/ecomatin.net\/agriculture-04-actions-a-resultats-rapides-pour-la-relance-post-covid19\/\">Agriculture\u00a0: 4 actions \u00e0 r\u00e9sultats rapides pour la relance post-covid-19<\/a><\/strong><\/p>\n<p>Auteur: Philipe NSOA<br \/>\n<a href=\"https:\/\/ecomatin.net\/statistiques-agricoless-le-recensement-general-agricole-dans-les-tiroirs-depuis-8-ans\/\">Cliquez ici pour lire l&rsquo;article depuis sa source.<\/a><\/p>\n","protected":false},"excerpt":{"rendered":"<p>\u00ab Encore un peu de patience. Tout est presque pr\u00eat \u00bb, jure-t-on au minist\u00e8re de l\u2019Agriculture et du d\u00e9veloppement rural (Minader) et au minist\u00e8re de l\u2019Elevage, des p\u00eaches et des industries animales (Minepia). Du moins, le Comit\u00e9 technique national du Recensement G\u00e9n\u00e9ral de l\u2019Agriculture et de l\u2019Elevage (Rgae) est formel : il sera lanc\u00e9 dans [&hellip;]<\/p>\n","protected":false},"author":1969,"featured_media":0,"comment_status":"closed","ping_status":"closed","sticky":false,"template":"","format":"standard","meta":{"fifu_image_url":"","fifu_image_alt":"","footnotes":""},"categories":[82,78],"tags":[],"class_list":["post-114020","post","type-post","status-publish","format-standard","hentry","category-cameroun","category-economie"],"_links":{"self":[{"href":"https:\/\/linitiative.ca\/International\/wp-json\/wp\/v2\/posts\/114020","targetHints":{"allow":["GET"]}}],"collection":[{"href":"https:\/\/linitiative.ca\/International\/wp-json\/wp\/v2\/posts"}],"about":[{"href":"https:\/\/linitiative.ca\/International\/wp-json\/wp\/v2\/types\/post"}],"author":[{"embeddable":true,"href":"https:\/\/linitiative.ca\/International\/wp-json\/wp\/v2\/users\/1969"}],"replies":[{"embeddable":true,"href":"https:\/\/linitiative.ca\/International\/wp-json\/wp\/v2\/comments?post=114020"}],"version-history":[{"count":0,"href":"https:\/\/linitiative.ca\/International\/wp-json\/wp\/v2\/posts\/114020\/revisions"}],"wp:attachment":[{"href":"https:\/\/linitiative.ca\/International\/wp-json\/wp\/v2\/media?parent=114020"}],"wp:term":[{"taxonomy":"category","embeddable":true,"href":"https:\/\/linitiative.ca\/International\/wp-json\/wp\/v2\/categories?post=114020"},{"taxonomy":"post_tag","embeddable":true,"href":"https:\/\/linitiative.ca\/International\/wp-json\/wp\/v2\/tags?post=114020"}],"curies":[{"name":"wp","href":"https:\/\/api.w.org\/{rel}","templated":true}]}}