{"id":114023,"date":"2021-03-30T15:18:38","date_gmt":"2021-03-30T19:18:38","guid":{"rendered":"https:\/\/linitiative.ca\/International\/lafd-octroie-200-millions-de-f-pour-la-promotion-du-cacao-durable-dans-la-region-de-lest\/"},"modified":"2021-03-30T15:18:38","modified_gmt":"2021-03-30T19:18:38","slug":"lafd-octroie-200-millions-de-f-pour-la-promotion-du-cacao-durable-dans-la-region-de-lest","status":"publish","type":"post","link":"https:\/\/linitiative.ca\/International\/lafd-octroie-200-millions-de-f-pour-la-promotion-du-cacao-durable-dans-la-region-de-lest\/","title":{"rendered":"L\u2019AFD octroie 200 millions de F pour la promotion du cacao durable dans la r\u00e9gion de l\u2019Est"},"content":{"rendered":"<p>Un nouveau souffle vient de s\u2019offrir au cacao de Mindourou, localit\u00e9 de la r\u00e9gion de l\u2019Est Cameroun. Le 26 mars 2021, le ministre de l\u2019Agriculture et du d\u00e9veloppement durable (Minader) Gabriel Mba\u00efrobe et\u00a0\u00a0l\u2019Agence fran\u00e7aise de d\u00e9veloppement (AFD), ont proc\u00e9d\u00e9 \u00e0 la signature d\u2019une convention de financement de 300\u00a0000 euros soit 200 millions de Fcfa. Convention relative \u00e0 la promotion d\u2019un cacao durable dans cette localit\u00e9 du pays. Pour se faire, la soci\u00e9t\u00e9 fran\u00e7aise Pallisco, s\u2019est engag\u00e9e \u00e0 appuyer les cacaoculteurs de cette localit\u00e9 aux abords de ses concessions foresti\u00e8res. \u00ab\u00a0L\u2019objectif est de permettre \u00e0 ceux-ci de produire un cacao durable et r\u00e9mun\u00e9r\u00e9 \u00e0 un juste prix. En travaillant de fa\u00e7on partenariale avec un op\u00e9rateur priv\u00e9, il sera donn\u00e9 l\u2019opportunit\u00e9 \u00e0 mon d\u00e9partement minist\u00e9riel \u00e0 travers le Programme Acefa d\u2019exp\u00e9rimenter une collaboration public-priv\u00e9, en d\u00e9ployant nos services de conseil agricole\u00a0\u00bb, a indiqu\u00e9 le Minader.<\/p>\n<p><strong>Lire aussi<\/strong> : <strong><a href=\"https:\/\/ecomatin.net\/filiere-cacao-800-millionss-de-fcfa-pour-les-producteurs\/\">Fili\u00e8re cacao\u00a0: 800 millions de Fcfa pour les producteurs<\/a><\/strong><\/p>\n<p>Deux objectifs principaux sont alors attendus de ce projet\u00a0: \u00ab\u00a0derri\u00e8re la signature de cet accord, le Minader, la France et la soci\u00e9t\u00e9 Pallisco, cherchent \u00e0 augmenter la production de cacao mais tout en respectant le d\u00e9veloppement durable au Cameroun. Mais ce qu\u2019on souhaite aussi, c\u2019est que la culture du cacao se fasse au d\u00e9triment de la d\u00e9forestation. Ce qu\u2019on cherche \u00e9galement c\u2019est augmenter la productivit\u00e9 et la qualit\u00e9 du cacao produit ici au Cameroun\u00a0\u00bb, a fait savoir l\u2019Ambassadeur de France au Cameroun Christophe Guilhou.<\/p>\n<p><strong>Lire aussi<\/strong> : <strong><a href=\"https:\/\/ecomatin.net\/cacao-un-potentiel-economique-en-peril-dans-la-region-de-lest\/\">Cacao : un potentiel \u00e9conomique en p\u00e9ril dans la r\u00e9gion de l\u2019Est<\/a><\/strong><\/p>\n<p>Notons que cette convention rentre en droite ligne cadre d\u2019action pour un cacao durable et sans d\u00e9forestation mis en place le 13 janvier 2021, entre le gouvernement, les partenaires internationaux, les op\u00e9rateurs de la fili\u00e8re et la soci\u00e9t\u00e9 civile. Dans le cadre de cette plateforme, les diff\u00e9rentes parties impliqu\u00e9es devront \u0153uvrer pour la productivit\u00e9 du cacao \u00e0 long terme, \u00e0 travers notamment la r\u00e9habilitation des exploitations de cacao vieillissantes, la fourniture de semences am\u00e9lior\u00e9es et les actions visant \u00e0 accroitre la fertilit\u00e9 des sols. Toutes choses qui permettent non seulement d\u2019accroitre les rendements, mais aussi d\u2019\u00e9viter la d\u00e9forestation par la cr\u00e9ation de nouvelles plantations.<\/p>\n<p><strong>Accompagnement de longue date<\/strong><\/p>\n<p>L\u2019appui financier de l\u2019Agence fran\u00e7aise de d\u00e9veloppement (AFD), n\u2019est pas anodin. Celle-ci, pr\u00e9sente au Cameroun, depuis plus de cinquante ans, est investie dans plusieurs domaines dont l\u2019agriculture. Selon des donn\u00e9es, pour le compte de l\u2019ann\u00e9e 2018, l\u2019AFD a investi 805 millions d\u2019euros dans le secteur agricole au Cameroun, soit 527,275 milliards de Fcfa. Ces financements qui sont accord\u00e9s soit \u00e0 travers des signatures de convention de financement direct, soit \u00e0 travers le volet agriculture du Contrat d\u00e9sendettement et d\u00e9veloppement (C2D).<\/p>\n<p><strong>Lire aussi<\/strong> : <strong><a href=\"https:\/\/ecomatin.net\/cacao-deux-nouveaux-centres-dexcellence-de-traitement-post-recolte-voient-le-jour\/\">Cacao : Deux nouveaux centres d\u2019excellence de traitement post-r\u00e9colte voient le jour<\/a><\/strong><\/p>\n<p>Auteur: EcoMatin<br \/>\n<a href=\"https:\/\/ecomatin.net\/lafd-octroie-200-millionss-de-f-pour-la-promotion-du-cacao-durable-dans-la-region-de-lest\/\">Cliquez ici pour lire l&rsquo;article depuis sa source.<\/a><\/p>\n","protected":false},"excerpt":{"rendered":"<p>Un nouveau souffle vient de s\u2019offrir au cacao de Mindourou, localit\u00e9 de la r\u00e9gion de l\u2019Est Cameroun. Le 26 mars 2021, le ministre de l\u2019Agriculture et du d\u00e9veloppement durable (Minader) Gabriel Mba\u00efrobe et\u00a0\u00a0l\u2019Agence fran\u00e7aise de d\u00e9veloppement (AFD), ont proc\u00e9d\u00e9 \u00e0 la signature d\u2019une convention de financement de 300\u00a0000 euros soit 200 millions de Fcfa. Convention [&hellip;]<\/p>\n","protected":false},"author":1969,"featured_media":0,"comment_status":"closed","ping_status":"closed","sticky":false,"template":"","format":"standard","meta":{"fifu_image_url":"","fifu_image_alt":"","footnotes":""},"categories":[82,78],"tags":[],"class_list":["post-114023","post","type-post","status-publish","format-standard","hentry","category-cameroun","category-economie"],"_links":{"self":[{"href":"https:\/\/linitiative.ca\/International\/wp-json\/wp\/v2\/posts\/114023","targetHints":{"allow":["GET"]}}],"collection":[{"href":"https:\/\/linitiative.ca\/International\/wp-json\/wp\/v2\/posts"}],"about":[{"href":"https:\/\/linitiative.ca\/International\/wp-json\/wp\/v2\/types\/post"}],"author":[{"embeddable":true,"href":"https:\/\/linitiative.ca\/International\/wp-json\/wp\/v2\/users\/1969"}],"replies":[{"embeddable":true,"href":"https:\/\/linitiative.ca\/International\/wp-json\/wp\/v2\/comments?post=114023"}],"version-history":[{"count":0,"href":"https:\/\/linitiative.ca\/International\/wp-json\/wp\/v2\/posts\/114023\/revisions"}],"wp:attachment":[{"href":"https:\/\/linitiative.ca\/International\/wp-json\/wp\/v2\/media?parent=114023"}],"wp:term":[{"taxonomy":"category","embeddable":true,"href":"https:\/\/linitiative.ca\/International\/wp-json\/wp\/v2\/categories?post=114023"},{"taxonomy":"post_tag","embeddable":true,"href":"https:\/\/linitiative.ca\/International\/wp-json\/wp\/v2\/tags?post=114023"}],"curies":[{"name":"wp","href":"https:\/\/api.w.org\/{rel}","templated":true}]}}