{"id":114024,"date":"2021-03-31T08:48:14","date_gmt":"2021-03-31T12:48:14","guid":{"rendered":"https:\/\/linitiative.ca\/International\/volvo-cars-va-offrir-un-conge-parental-de-six-mois-a-tous-ses-employes\/"},"modified":"2021-03-31T08:48:14","modified_gmt":"2021-03-31T12:48:14","slug":"volvo-cars-va-offrir-un-conge-parental-de-six-mois-a-tous-ses-employes","status":"publish","type":"post","link":"https:\/\/linitiative.ca\/International\/volvo-cars-va-offrir-un-conge-parental-de-six-mois-a-tous-ses-employes\/","title":{"rendered":"Volvo Cars va offrir un cong\u00e9 parental de six mois \u00e0 tous ses employ\u00e9s"},"content":{"rendered":"<header>\n<\/header>\n<div class=\"entry-content clearfix\" readability=\"53\">\n<figure class=\"post-thumbnail\" itemprop=\"associatedMedia\" itemscope=\"itemscope\" itemtype=\"http:\/\/schema.org\/ImageObject\"><img decoding=\"async\" class=\"post_layout_5_img\" src=\"http:\/\/aujourdhui.ma\/wp-content\/uploads\/2020\/12\/volvo-logo.jpg\" alt=\"Volvo Cars va offrir un cong\u00e9 parental de six mois \u00e0 tous ses employ\u00e9s\"\/><\/figure>\n<p><strong>Le constructeur automobile su\u00e9dois Volvo Cars va proposer un cong\u00e9 parental de six mois indemnis\u00e9 \u00e0 80% \u00e0 ses quelque 40.000 employ\u00e9s \u00e0 travers le monde, a-t-il annonc\u00e9 mardi, afin notamment de favoriser l\u2019\u00e9galit\u00e9 entre les sexes.<\/strong> <span id=\"more-372586\"\/><\/p>\n<p>A compter du 1er avril, le constructeur proposera \u00e0 ses employ\u00e9s 24 semaines de cong\u00e9 parental \u00e0 80% de leur salaire, qu\u2019ils pourront r\u00e9partir comme ils le souhaitent sur les trois ann\u00e9es suivant la naissance de l\u2019enfant. Cette politique, ouverte aux employ\u00e9s ayant un an d\u2019anciennet\u00e9, s\u2019inspire de la l\u00e9gislation su\u00e9doise o\u00f9 la politique de cong\u00e9 parental est parmi les plus g\u00e9n\u00e9reuses sur le Vieux Continent, avec 480 jours \u2013 soit pr\u00e8s de 16 mois \u2013 \u00e0 se partager entre les deux parents, la plupart indemnis\u00e9s \u00e0 80%. \u00abLe plus important est que nous offrions la m\u00eame chose \u00e0 chaque parent et que nous encouragions plus d\u2019hommes \u00e0 prendre leur cong\u00e9 parental\u00bb, a affirm\u00e9 \u00e0 l\u2019AFP la directrice des ressources humaines du constructeur, Hanna Fager. Volvo, qui emploie actuellement environ 75% d\u2019hommes, a men\u00e9 depuis 2019 un programme pilote en Europe, au Moyen-Orient et en Afrique, testant la mesure aupr\u00e8s de ses vendeurs: 46% des cong\u00e9s ont \u00e9t\u00e9 pris par des p\u00e8res.<\/p>\n<\/div>\n<p>Auteur: ALM<br \/>\n<a href=\"https:\/\/aujourdhui.ma\/automobile\/volvo-cars-va-offrir-un-conge-parental-de-six-mois-a-tous-ses-employes\">Cliquez ici pour lire l&rsquo;article depuis sa source.<\/a><\/p>\n","protected":false},"excerpt":{"rendered":"<p>Le constructeur automobile su\u00e9dois Volvo Cars va proposer un cong\u00e9 parental de six mois indemnis\u00e9 \u00e0 80% \u00e0 ses quelque 40.000 employ\u00e9s \u00e0 travers le monde, a-t-il annonc\u00e9 mardi, afin notamment de favoriser l\u2019\u00e9galit\u00e9 entre les sexes. A compter du 1er avril, le constructeur proposera \u00e0 ses employ\u00e9s 24 semaines de cong\u00e9 parental \u00e0 80% [&hellip;]<\/p>\n","protected":false},"author":1759,"featured_media":0,"comment_status":"closed","ping_status":"closed","sticky":false,"template":"","format":"standard","meta":{"fifu_image_url":"http:\/\/aujourdhui.ma\/wp-content\/uploads\/2020\/12\/volvo-logo.jpg","fifu_image_alt":"Volvo Cars va offrir un cong\u00e9 parental de six mois \u00e0 tous ses employ\u00e9s","footnotes":""},"categories":[73,54],"tags":[],"class_list":["post-114024","post","type-post","status-publish","format-standard","hentry","category-actualite","category-maroc"],"_links":{"self":[{"href":"https:\/\/linitiative.ca\/International\/wp-json\/wp\/v2\/posts\/114024","targetHints":{"allow":["GET"]}}],"collection":[{"href":"https:\/\/linitiative.ca\/International\/wp-json\/wp\/v2\/posts"}],"about":[{"href":"https:\/\/linitiative.ca\/International\/wp-json\/wp\/v2\/types\/post"}],"author":[{"embeddable":true,"href":"https:\/\/linitiative.ca\/International\/wp-json\/wp\/v2\/users\/1759"}],"replies":[{"embeddable":true,"href":"https:\/\/linitiative.ca\/International\/wp-json\/wp\/v2\/comments?post=114024"}],"version-history":[{"count":0,"href":"https:\/\/linitiative.ca\/International\/wp-json\/wp\/v2\/posts\/114024\/revisions"}],"wp:attachment":[{"href":"https:\/\/linitiative.ca\/International\/wp-json\/wp\/v2\/media?parent=114024"}],"wp:term":[{"taxonomy":"category","embeddable":true,"href":"https:\/\/linitiative.ca\/International\/wp-json\/wp\/v2\/categories?post=114024"},{"taxonomy":"post_tag","embeddable":true,"href":"https:\/\/linitiative.ca\/International\/wp-json\/wp\/v2\/tags?post=114024"}],"curies":[{"name":"wp","href":"https:\/\/api.w.org\/{rel}","templated":true}]}}