{"id":114025,"date":"2021-03-31T09:00:53","date_gmt":"2021-03-31T13:00:53","guid":{"rendered":"https:\/\/linitiative.ca\/International\/entrepreneuriat-un-nouveau-institut-de-formation-a-tanger-dedie-aux-tpme\/"},"modified":"2021-03-31T09:00:53","modified_gmt":"2021-03-31T13:00:53","slug":"entrepreneuriat-un-nouveau-institut-de-formation-a-tanger-dedie-aux-tpme","status":"publish","type":"post","link":"https:\/\/linitiative.ca\/International\/entrepreneuriat-un-nouveau-institut-de-formation-a-tanger-dedie-aux-tpme\/","title":{"rendered":"Entrepreneuriat : Un nouveau institut de formation \u00e0 Tanger d\u00e9di\u00e9 aux TPME"},"content":{"rendered":"<figure class=\"post-thumbnail\" itemprop=\"associatedMedia\" itemscope=\"itemscope\" itemtype=\"http:\/\/schema.org\/ImageObject\"><img decoding=\"async\" class=\"post_layout_5_img\" src=\"http:\/\/aujourdhui.ma\/wp-content\/uploads\/2021\/03\/1-Lors-de-la-ceremonie-de-signature-de-convention-.jpg\" alt=\"Entrepreneuriat : Un nouveau institut de formation \u00e0 Tanger d\u00e9di\u00e9 aux TPME\"\/><\/figure>\n<p><span class=\"c5\"><strong>Fruit d\u2019une convention entre la CGEM et l\u2019Education nationale<\/strong><\/span><span id=\"more-372560\"\/><\/p>\n<p>Promouvoir et encourager l\u2019auto-emploi \u00e0 travers le soutien et l\u2019accompagnement des porteurs de projets aux niveaux national et r\u00e9gional et aider \u00e0 la formation des dirigeants des tr\u00e8s petites et moyennes entreprises (TPME) pour d\u00e9velopper et am\u00e9liorer la comp\u00e9titivit\u00e9 de leurs TPME, tout en cherchant \u00e0 former et renforcer l\u2019int\u00e9gration des jeunes op\u00e9rant dans l\u2019informel ou \u00e0 la recherche d\u2019emploi. Tels sont les principaux objectifs d\u2019une convention de partenariat portant sur la cr\u00e9ation d\u2019un nouveau institut de formation \u00e0 l\u2019entrepreneuriat et au management des TPME, dont la c\u00e9r\u00e9monie de signature par le minist\u00e8re de l\u2019\u00e9ducation nationale, de la formation professionnelle, de l\u2019enseignement sup\u00e9rieur et de la recherche scientifique et la Conf\u00e9d\u00e9ration g\u00e9n\u00e9rale des entreprises du Maroc (CGEM) s\u2019est d\u00e9roul\u00e9e, lundi 29 mars, au si\u00e8ge de la wilaya de Tanger.<\/p>\n<p>Ce projet, dont le co\u00fbt global et la contribution financi\u00e8re de toutes parties contractantes, ont fix\u00e9s prochainement, refl\u00e8te \u00abla bonne mise en \u0153uvre de l\u2019accord, la cristallisation des objectifs de d\u00e9veloppement r\u00e9gionaux et nationaux et la r\u00e9ponse aux aspirations des r\u00e9gions \u00e0 booster leur performance \u00e9conomique, ainsi que l\u2019\u00e9largissement de l\u2019attraction des jeunes int\u00e9ress\u00e9s par les affaires et d\u00e9sirant se lancer dans l\u2019entrepreneuriat, en plus de la mise en liaison entre l\u2019emploi et une formation objective, comme une formule importante et essentielle pour la relance de l\u2019\u00e9conomie\u00bb, a indiqu\u00e9 Saa\u00efd Amzazi, ministre de l\u2019\u00e9ducation nationale, de la formation professionnelle, de l\u2019enseignement sup\u00e9rieur et de la recherche scientifique, tout en soulignant l\u2019importance de ce genre de formation professionnelle bien adapt\u00e9 aux demandes et \u00e0 l\u2019int\u00e9r\u00eat des entreprises marocaines.<\/p>\n<p>Port\u00e9e par la d\u00e9l\u00e9gation r\u00e9gionale de la formation professionnelle, ce projet pr\u00e9voit, selon les dispositions de cette convention, des salles de cours th\u00e9oriques et des ateliers de formation pratique ainsi que d\u2019autres locaux consacr\u00e9s \u00e0 accueillir des r\u00e9unions de travail et des services administratifs. \u00abNous sommes extr\u00eamement heureux de la mise en place de ce troisi\u00e8me institut qui vient s\u2019ajouter \u00e0 ceux qui verront le jour prochainement \u00e0 Casablanca et \u00e0 Marrakech\u00bb, a expliqu\u00e9 Chakib Alj, pr\u00e9sident de la CGEM, faisant remarquer que ces instituts viendront \u00abconsolider le r\u00f4le des r\u00e9gions comme locomotives de d\u00e9veloppement puisqu\u2019ils repr\u00e9senteront des espaces o\u00f9 vont \u00eatre \u00e9labor\u00e9es les visions sectorielles et territoriales en total alignement avec la production des comp\u00e9tences pour le monde du travail\u00bb.<\/p>\n<p>Notons que la c\u00e9r\u00e9monie de signature de cette convention a \u00e9t\u00e9 suivie par une rencontre de M. Alj et Mehdi Tazi, vice-pr\u00e9sident g\u00e9n\u00e9ral de la CGEM, avec les responsables du bureau et les membres de la CGEM-R\u00e9gion de Tanger-T\u00e9touan pour discuter des difficult\u00e9s rencontr\u00e9es par les op\u00e9rateurs \u00e9conomiques du Nord depuis l\u2019entr\u00e9e en vigueur des premi\u00e8res restrictions sanitaires pour faire face \u00e0 la pand\u00e9mie du Covid-19 ainsi que les mesures prises visant \u00e0 soutenir les secteurs les plus impact\u00e9s, notamment l\u2019industrie et le tourisme. Il s\u2019agit \u00e9galement de la pr\u00e9sentation du bilan pour l\u2019exercice 2020 et les priorit\u00e9s 2021 de la Conf\u00e9d\u00e9ration.<\/p>\n<p>Auteur: Najat Fa\u00efssal<br \/>\n<a href=\"https:\/\/aujourdhui.ma\/economie\/entrepreneuriat-un-nouveau-institut-de-formation-a-tanger-dedie-aux-tpme\">Cliquez ici pour lire l&rsquo;article depuis sa source.<\/a><\/p>\n","protected":false},"excerpt":{"rendered":"<p>Fruit d\u2019une convention entre la CGEM et l\u2019Education nationale Promouvoir et encourager l\u2019auto-emploi \u00e0 travers le soutien et l\u2019accompagnement des porteurs de projets aux niveaux national et r\u00e9gional et aider \u00e0 la formation des dirigeants des tr\u00e8s petites et moyennes entreprises (TPME) pour d\u00e9velopper et am\u00e9liorer la comp\u00e9titivit\u00e9 de leurs TPME, tout en cherchant \u00e0 [&hellip;]<\/p>\n","protected":false},"author":1759,"featured_media":0,"comment_status":"closed","ping_status":"closed","sticky":false,"template":"","format":"standard","meta":{"fifu_image_url":"http:\/\/aujourdhui.ma\/wp-content\/uploads\/2021\/03\/1-Lors-de-la-ceremonie-de-signature-de-convention-.jpg","fifu_image_alt":"Entrepreneuriat : Un nouveau institut de formation \u00e0 Tanger d\u00e9di\u00e9 aux TPME","footnotes":""},"categories":[73,54],"tags":[],"class_list":["post-114025","post","type-post","status-publish","format-standard","hentry","category-actualite","category-maroc"],"_links":{"self":[{"href":"https:\/\/linitiative.ca\/International\/wp-json\/wp\/v2\/posts\/114025","targetHints":{"allow":["GET"]}}],"collection":[{"href":"https:\/\/linitiative.ca\/International\/wp-json\/wp\/v2\/posts"}],"about":[{"href":"https:\/\/linitiative.ca\/International\/wp-json\/wp\/v2\/types\/post"}],"author":[{"embeddable":true,"href":"https:\/\/linitiative.ca\/International\/wp-json\/wp\/v2\/users\/1759"}],"replies":[{"embeddable":true,"href":"https:\/\/linitiative.ca\/International\/wp-json\/wp\/v2\/comments?post=114025"}],"version-history":[{"count":0,"href":"https:\/\/linitiative.ca\/International\/wp-json\/wp\/v2\/posts\/114025\/revisions"}],"wp:attachment":[{"href":"https:\/\/linitiative.ca\/International\/wp-json\/wp\/v2\/media?parent=114025"}],"wp:term":[{"taxonomy":"category","embeddable":true,"href":"https:\/\/linitiative.ca\/International\/wp-json\/wp\/v2\/categories?post=114025"},{"taxonomy":"post_tag","embeddable":true,"href":"https:\/\/linitiative.ca\/International\/wp-json\/wp\/v2\/tags?post=114025"}],"curies":[{"name":"wp","href":"https:\/\/api.w.org\/{rel}","templated":true}]}}