{"id":114031,"date":"2021-03-30T14:00:55","date_gmt":"2021-03-30T18:00:55","guid":{"rendered":"https:\/\/linitiative.ca\/International\/%ef%bb%bfclimat-le-marocain-saad-abid-sacre-laureat-de-la-decennie\/"},"modified":"2021-03-30T14:00:55","modified_gmt":"2021-03-30T18:00:55","slug":"%ef%bb%bfclimat-le-marocain-saad-abid-sacre-laureat-de-la-decennie","status":"publish","type":"post","link":"https:\/\/linitiative.ca\/International\/%ef%bb%bfclimat-le-marocain-saad-abid-sacre-laureat-de-la-decennie\/","title":{"rendered":"\ufeffClimat: Le Marocain Sa\u00e2d Abid sacr\u00e9 laur\u00e9at de la d\u00e9cennie"},"content":{"rendered":"<p class=\"has-text-color has-vivid-cyan-blue-color c1\"><strong>D\u00e9partement d\u2019Etat am\u00e9ricain<\/strong><\/p>\n<p><strong>Le Marocain Sa\u00e2d Abid, fondateur de l\u2019association Bahri et cr\u00e9ateur de contenus sur les r\u00e9seaux sociaux, a \u00e9t\u00e9 sacr\u00e9 laur\u00e9at de la d\u00e9cennie par l\u2019organisation Global Ties U.S, mandat\u00e9e par le d\u00e9partement d\u2019Etat pour discerner le prix \u00ab\u00a0IVLP Alumni Decade of Social Innovation and Change Award\u00a0\u00bb (Prix IVLP de la d\u00e9cennie pour l\u2019innovation sociale et le changement).<\/strong><\/p>\n<p>Seul marocain et africain \u00e0 recevoir ce prix prestigieux, Sa\u00e2d Abid partage cette distinction avec une autre laur\u00e9ate du programme d\u2019\u00e9change International Professional Visitor Program (IVLP), Raisa Banfield du Panama. Tous les deux ont \u00e9t\u00e9 f\u00e9licit\u00e9s pour leurs actions contre le changement climatique et pour la protection de l\u2019environnement, indique un communiqu\u00e9 du Consulat G\u00e9n\u00e9ral des Etats-Unis \u00e0 Casablanca.<\/p>\n<p>Le prix vient reconnaitre les nombreuses actions de Sa\u00e2d Abid, tout au long des dix derni\u00e8res ann\u00e9es, comprenant notamment l\u2019organisation de nettoyages de plages et l\u2019encouragement des jeunes \u00e0 la promotion et la protection de l\u2019environnement, ajoute la m\u00eame source.<\/p>\n<p>L\u2019envoy\u00e9 sp\u00e9cial des Etats-Unis pour le climat, John Kerry, a f\u00e9licit\u00e9, \u00e0 cette occasion, Abid, pour son travail \u00ab\u00a0en premi\u00e8re ligne pour faire face \u00e0 la crise climatique\u00a0\u00bb, affirmant, dans un message vid\u00e9o, \u00ab\u00a0je suis reconnaissant de savoir qu\u2019il y a des leaders prometteurs comme vous dans ce combat\u00a0\u00bb.<\/p>\n<p>Pendant plusieurs ann\u00e9es, la mission diplomatique am\u00e9ricaine, dont le centre culturel Dar America, a compt\u00e9 Sa\u00e2d Abid parmi ses plus remarquables partenaires, et r\u00e9alis\u00e9 ensemble une multitude d\u2019op\u00e9rations de nettoyage de plages et d\u2019insertion des jeunes dans la participation citoyenne.<\/p>\n<p>Le parcours de Sa\u00e2d Abid avec le programme IVLP a d\u00e9but\u00e9 en 2016 quand il avait particip\u00e9 \u00e0 trois semaines intensives de rencontres sur la \u00ab\u00a0jeunesse et engagement civique\u00a0\u00bb. En 2018, il a \u00e9t\u00e9 invit\u00e9 par le secr\u00e9taire g\u00e9n\u00e9ral de l\u2019ONU, Antonio Guterres, pour assister \u00e0 l\u2019Assembl\u00e9e g\u00e9n\u00e9rale des Nations Unies.<\/p>\n<p>En 2020, il faisait partie des deux Marocains qui figuraient sur la liste des 80 laur\u00e9ats IVLP les plus influents, aux c\u00f4t\u00e9s de personnalit\u00e9s marquantes comme Margaret Thatcher et Tony Blair (Royaume-Uni), Jacinda Ardern (Nouvelle-Z\u00e9lande), Felipe Calderon (Mexique), Indira Gandhi (Inde) et Anwar Sadat (\u00c9gypte).<\/p>\n<p>Auteur: M&rsquo;hammed rahal<br \/>\n<a href=\"http:\/\/albayane.press.ma\/%EF%BB%BFclimat-le-marocain-saad-abid-sacre-laureat-de-la-decennie.html\">Cliquez ici pour lire l&rsquo;article depuis sa source.<\/a><\/p>\n","protected":false},"excerpt":{"rendered":"<p>D\u00e9partement d\u2019Etat am\u00e9ricain Le Marocain Sa\u00e2d Abid, fondateur de l\u2019association Bahri et cr\u00e9ateur de contenus sur les r\u00e9seaux sociaux, a \u00e9t\u00e9 sacr\u00e9 laur\u00e9at de la d\u00e9cennie par l\u2019organisation Global Ties U.S, mandat\u00e9e par le d\u00e9partement d\u2019Etat pour discerner le prix \u00ab\u00a0IVLP Alumni Decade of Social Innovation and Change Award\u00a0\u00bb (Prix IVLP de la d\u00e9cennie pour [&hellip;]<\/p>\n","protected":false},"author":1760,"featured_media":0,"comment_status":"closed","ping_status":"closed","sticky":false,"template":"","format":"standard","meta":{"fifu_image_url":"","fifu_image_alt":"","footnotes":""},"categories":[73,54],"tags":[],"class_list":["post-114031","post","type-post","status-publish","format-standard","hentry","category-actualite","category-maroc"],"_links":{"self":[{"href":"https:\/\/linitiative.ca\/International\/wp-json\/wp\/v2\/posts\/114031","targetHints":{"allow":["GET"]}}],"collection":[{"href":"https:\/\/linitiative.ca\/International\/wp-json\/wp\/v2\/posts"}],"about":[{"href":"https:\/\/linitiative.ca\/International\/wp-json\/wp\/v2\/types\/post"}],"author":[{"embeddable":true,"href":"https:\/\/linitiative.ca\/International\/wp-json\/wp\/v2\/users\/1760"}],"replies":[{"embeddable":true,"href":"https:\/\/linitiative.ca\/International\/wp-json\/wp\/v2\/comments?post=114031"}],"version-history":[{"count":0,"href":"https:\/\/linitiative.ca\/International\/wp-json\/wp\/v2\/posts\/114031\/revisions"}],"wp:attachment":[{"href":"https:\/\/linitiative.ca\/International\/wp-json\/wp\/v2\/media?parent=114031"}],"wp:term":[{"taxonomy":"category","embeddable":true,"href":"https:\/\/linitiative.ca\/International\/wp-json\/wp\/v2\/categories?post=114031"},{"taxonomy":"post_tag","embeddable":true,"href":"https:\/\/linitiative.ca\/International\/wp-json\/wp\/v2\/tags?post=114031"}],"curies":[{"name":"wp","href":"https:\/\/api.w.org\/{rel}","templated":true}]}}