{"id":114032,"date":"2021-03-30T14:00:57","date_gmt":"2021-03-30T18:00:57","guid":{"rendered":"https:\/\/linitiative.ca\/International\/le-niveau-de-vie-des-marocains-en-2019-un-leger-mieux-efface-par-le-covid-19%ef%bb%bf\/"},"modified":"2021-03-30T14:00:57","modified_gmt":"2021-03-30T18:00:57","slug":"le-niveau-de-vie-des-marocains-en-2019-un-leger-mieux-efface-par-le-covid-19%ef%bb%bf","status":"publish","type":"post","link":"https:\/\/linitiative.ca\/International\/le-niveau-de-vie-des-marocains-en-2019-un-leger-mieux-efface-par-le-covid-19%ef%bb%bf\/","title":{"rendered":"Le niveau de vie des Marocains en 2019, un l\u00e9ger mieux effac\u00e9 par le covid-19\ufeff"},"content":{"rendered":"<p class=\"c1\"><strong>Par Abdeslam Seddiki<\/strong><\/p>\n<p class=\"has-text-color c2\"><strong>L\u2019am\u00e9lioration du niveau de vie entre 2013 et 2019 marque une nette d\u00e9c\u00e9l\u00e9ration par rapport \u00e0 la p\u00e9riode 2006-2013, c\u2019est ce qui ressort de la derni\u00e8re enqu\u00eate nationale\u00a0 sur les sources de revenu r\u00e9alis\u00e9e par le HCP et dont les premiers r\u00e9sultats viennent d\u2019\u00eatre publi\u00e9s.<\/strong><\/p>\n<p>Cette enqu\u00eate qui s\u2019est d\u00e9roul\u00e9e entre le premier d\u00e9cembre 2019 et fin mars 2020, aupr\u00e8s d\u2019un \u00e9chantillon de 3 290 m\u00e9nages, diff\u00e8re sur le plan m\u00e9thodologique des pr\u00e9c\u00e9dentes en ce sens qu\u2019elle tient compte non de la d\u00e9pense par t\u00eate mais plut\u00f4t de la d\u00e9pense d\u00e9flat\u00e9e par les unit\u00e9s de consommation. Ainsi, pr\u00e9cise-t-on, \u00absi le revenu ou la d\u00e9pense par personne est le m\u00eame, les m\u00e9nages de plus grande taille auraient un niveau de vie sup\u00e9rieur\u00bb.<\/p>\n<p>Les donn\u00e9es fournies par cette enqu\u00eate portent sur l\u2019\u00e9volution de la d\u00e9pense au niveau des m\u00e9nages, la d\u00e9pense par personne, l\u2019\u00e9valuation des disparit\u00e9s \u00e0 travers l\u2019indice de Gini et l\u2019\u00e9volution de la pauvret\u00e9\u00a0 absolue et de la vuln\u00e9rabilit\u00e9.<\/p>\n<p>Ainsi, en 2019, le niveau de vie par m\u00e9nage, mesur\u00e9 par la d\u00e9pense de consommation annuelle moyenne des biens et services acquis par les m\u00e9nages marocains, est \u00e9valu\u00e9, au niveau national, \u00e0 86 094DH, soit\u00a0 7 175 DH par mois, 95 950 DH en zones urbaines (8 000 DH par mois)\u00a0 et 64 530 DH en zones rurales (5 378 DH par mois). De m\u00eame, on rel\u00e8ve que pr\u00e8s de 66,1% des m\u00e9nages ont un niveau de vie inf\u00e9rieur \u00e0 la moyenne nationale, 59,9% en milieu urbain et 79,6% en milieu rural.<\/p>\n<p>Par ailleurs, analys\u00e9 par t\u00eate d\u2019habitant, \u00a0le niveau de vie est pass\u00e9,\u00a0 en termes nominaux, \u00a0de 15 900DH en 2013 \u00e0 20 389 DH en 2019. Cette am\u00e9lioration a profit\u00e9 aussi bien aux citadins, pour lesquels le niveau de vie est pass\u00e9 de 19 500 DH en 2014 \u00e0\u00a0 24 500 DH en 2019, qu\u2019aux ruraux, passant de 10 425 DH \u00e0 13 360 DH au cours de la m\u00eame p\u00e9riode.<\/p>\n<p>Cependant,\u00a0 en dirhams constants (tenant compte du pouvoir d\u2019achat),\u00a0 le niveau de vie a augment\u00e9 \u00a0\u00e0 un taux annuel de 2,7% entre 2013 et 2019, contre 3,6% entre 2007 et 2014. Cette d\u00e9c\u00e9l\u00e9ration du niveau de vie entre les deux p\u00e9riodes a \u00e9t\u00e9 plus accentu\u00e9e en milieu rural, bien que dans\u00a0 l\u2019ensemble, la distribution sociale du niveau de vie en 2019, n\u2019a pas connu de grands changements par rapport \u00e0 2014. Ainsi, \u00a0les 20% des personnes les plus ais\u00e9es totalisent 46,1% de la consommation totale des m\u00e9nages (47% en 2014), contre 7% pour les\u00a0 20% les moins ais\u00e9es (6,7% en 2014).<\/p>\n<p>Les in\u00e9galit\u00e9s du niveau de vie, mesur\u00e9es par l\u2019indice de Gini, affichent une \u00a0baisse \u00a0d\u2019un point passant de 39,5 en 2013 \u00e0 38,5 en 2019. Ce qui am\u00e8ne l\u2019Observatoire des conditions de vie de la population qui a r\u00e9alis\u00e9 ladite enqu\u00eate\u00a0 \u00e0 conclure que la \u00abcroissance \u00e9conomique aurait \u00e9t\u00e9 pro-pauvres\u00bb.\u00a0 Dans le m\u00eame ordre d\u2019id\u00e9es, l\u2019incidence de la pauvret\u00e9 absolue\u00a0 a baiss\u00e9, au niveau national, \u00a0de 4,8% en 2013 \u00e0 1,7% en 2019. Par milieu de r\u00e9sidence, elle a respectivement baiss\u00e9 de 9,5% \u00e0 3,9% en milieu rural\u00a0 et de 1,6% \u00e0 0,5% en milieu urbain.\u00a0 Parall\u00e8lement au recul de la pauvret\u00e9 absolue, la vuln\u00e9rabilit\u00e9 \u00e9conomique\u00a0 a \u00e9galement connu une baisse notable. C\u2019est ainsi que la part des personnes \u00e9conomiquement vuln\u00e9rables est pass\u00e9e de 12,5% en 2014 \u00e0 7,3% en 2019 au niveau national, respectivement de 7,9% \u00e0 4,6% en milieu urbain et de 17,4% \u00e0 11,9% en milieu rural.<\/p>\n<p>Bien s\u00fbr, avec la crise sanitaire et son impact socio-\u00e9conomique,\u00a0 la situation s\u2019est gravement d\u00e9t\u00e9rior\u00e9e. L\u2019incidence de la pauvret\u00e9 a \u00e9t\u00e9 multipli\u00e9e par pr\u00e8s de 7 \u00e0 l\u2019\u00e9chelle nationale, passant de 1,7% avant cette crise \u00e0 11,7% au temps du confinement, de 5 fois en milieu rural, passant respectivement de 3,9% \u00e0 19,8%, et de 14 fois en milieu urbain, respectivement de 0,5% \u00e0 7,1%. Tout comme \u00a0le taux de vuln\u00e9rabilit\u00e9 qui \u00a0a plus que doubl\u00e9, passant de 7,3% avant le confinement \u00e0 16,7% pendant le confinement. Par milieu de r\u00e9sidence, ces proportions sont respectivement de 4,5% et 14,6% en milieu urbain et de 11,9 % et 20,2% en milieu rural.<\/p>\n<p>La pand\u00e9mie a aggrav\u00e9, par cons\u00e9quent, les in\u00e9galit\u00e9s sociales\u00a0 comme c\u2019est le cas \u00e0 travers le monde puisque ce sont les plus vuln\u00e9rables qui en ont le plus p\u00e2ti. Ce n\u2019est que gr\u00e2ce \u00e0 l\u2019intervention de l\u2019Etat\u00a0 et aux aides publiques octroy\u00e9es aux cat\u00e9gories\u00a0 vuln\u00e9rables\u00a0 que l\u2019impact a \u00e9t\u00e9 \u00a0att\u00e9nu\u00e9\u00a0: le taux\u00a0 de\u00a0 pauvret\u00e9 absolue fut ramen\u00e9 \u00e0 2,5% et\u00a0 celui de\u00a0 vuln\u00e9rabilit\u00e9 \u00e0 8,9%.<\/p>\n<p>Ce sont l\u00e0 les principaux r\u00e9sultats de l\u2019enqu\u00eate. Il appartient \u00e0 chacun d\u2019en appr\u00e9cier la pertinence. Il y a lieu de pr\u00e9ciser, toutefois, que \u00a0les r\u00e9sultats d\u2019une enqu\u00eate ne sont jamais la photocopie de la r\u00e9alit\u00e9. Celle-ci est par d\u00e9finition complexe, contradictoire et mouvante.\u00a0 Surtout que les enqu\u00eates\u00a0 statistiques ont leurs propres limites que les Statisticiens eux-m\u00eames reconnaissent. Des limites relatives\u00a0 au choix de l\u2019\u00e9chantillon et de son \u00e9tendue, \u00e0 la nature des questions pos\u00e9es et des r\u00e9ponses obtenues.<\/p>\n<p>Dans tous les cas, les statistiques ne doivent jamais se placer\u00a0 dans une position h\u00e9g\u00e9monique en se mettant au-dessus de la r\u00e9alit\u00e9 sociale et aux antipodes de toute logique. En tout \u00e9tat de cause, la pand\u00e9mie a mis \u00e0 nu une s\u00e9rie \u00a0de faiblesses et de pr\u00e9carit\u00e9s dont souffre la soci\u00e9t\u00e9 marocaine. Les six millions de familles, soit plus de la moiti\u00e9 de la population du pays, \u00a0qui ont b\u00e9n\u00e9fici\u00e9 des subventions\u00a0 publiques sous forme de\u00a0 transferts mon\u00e9taires \u00a0ne sont pas n\u00e9es \u00a0en mars 2020. La pauvret\u00e9 et la vuln\u00e9rabilit\u00e9 ont \u00e9t\u00e9\u00a0 l\u00e0\u00a0 bien avant.\u00a0 La pand\u00e9mie n\u2019a fait que lever le voile sur un ph\u00e9nom\u00e8ne social structurel en tant que \u00a0\u00a0\u00a0produit d\u2019un mode\u00a0 de production et d\u2019un syst\u00e8me de \u00a0r\u00e9partition profond\u00e9ment in\u00e9galitaires.<\/p>\n<p>Par ailleurs, la mesure des in\u00e9galit\u00e9s sociales par la seule variable de la \u00a0d\u00e9pense demeure incompl\u00e8te si on ne tient pas compte de\u00a0 \u00a0la r\u00e9partition des revenus et du patrimoine. Il s\u2019agit en somme de savoir comment est r\u00e9partie la richesse produite dont la d\u00e9pense ne constitue que la phase visible de l\u2019iceberg. \u00a0Il n\u2019en demeure pas moins\u00a0 que \u00a0l\u2019enqu\u00eate du HCP, comme celles qui l\u2019ont pr\u00e9c\u00e9d\u00e9e, a le m\u00e9rite de d\u00e9gager des tendances et d\u2019inciter au d\u00e9bat.<\/p>\n<p>Auteur: M&rsquo;hammed rahal<br \/>\n<a href=\"http:\/\/albayane.press.ma\/le-niveau-de-vie-des-marocains-en-2019-un-leger-mieux-efface-par-le-covid-19%EF%BB%BF.html\">Cliquez ici pour lire l&rsquo;article depuis sa source.<\/a><\/p>\n","protected":false},"excerpt":{"rendered":"<p>Par Abdeslam Seddiki L\u2019am\u00e9lioration du niveau de vie entre 2013 et 2019 marque une nette d\u00e9c\u00e9l\u00e9ration par rapport \u00e0 la p\u00e9riode 2006-2013, c\u2019est ce qui ressort de la derni\u00e8re enqu\u00eate nationale\u00a0 sur les sources de revenu r\u00e9alis\u00e9e par le HCP et dont les premiers r\u00e9sultats viennent d\u2019\u00eatre publi\u00e9s. Cette enqu\u00eate qui s\u2019est d\u00e9roul\u00e9e entre le [&hellip;]<\/p>\n","protected":false},"author":1760,"featured_media":0,"comment_status":"closed","ping_status":"closed","sticky":false,"template":"","format":"standard","meta":{"fifu_image_url":"","fifu_image_alt":"","footnotes":""},"categories":[73,54],"tags":[],"class_list":["post-114032","post","type-post","status-publish","format-standard","hentry","category-actualite","category-maroc"],"_links":{"self":[{"href":"https:\/\/linitiative.ca\/International\/wp-json\/wp\/v2\/posts\/114032","targetHints":{"allow":["GET"]}}],"collection":[{"href":"https:\/\/linitiative.ca\/International\/wp-json\/wp\/v2\/posts"}],"about":[{"href":"https:\/\/linitiative.ca\/International\/wp-json\/wp\/v2\/types\/post"}],"author":[{"embeddable":true,"href":"https:\/\/linitiative.ca\/International\/wp-json\/wp\/v2\/users\/1760"}],"replies":[{"embeddable":true,"href":"https:\/\/linitiative.ca\/International\/wp-json\/wp\/v2\/comments?post=114032"}],"version-history":[{"count":0,"href":"https:\/\/linitiative.ca\/International\/wp-json\/wp\/v2\/posts\/114032\/revisions"}],"wp:attachment":[{"href":"https:\/\/linitiative.ca\/International\/wp-json\/wp\/v2\/media?parent=114032"}],"wp:term":[{"taxonomy":"category","embeddable":true,"href":"https:\/\/linitiative.ca\/International\/wp-json\/wp\/v2\/categories?post=114032"},{"taxonomy":"post_tag","embeddable":true,"href":"https:\/\/linitiative.ca\/International\/wp-json\/wp\/v2\/tags?post=114032"}],"curies":[{"name":"wp","href":"https:\/\/api.w.org\/{rel}","templated":true}]}}