{"id":114033,"date":"2021-03-30T14:02:09","date_gmt":"2021-03-30T18:02:09","guid":{"rendered":"https:\/\/linitiative.ca\/International\/%ef%bb%bfle-maroc-preside-a-geneve-la-2eme-reunion-de-lomc\/"},"modified":"2021-03-30T14:02:09","modified_gmt":"2021-03-30T18:02:09","slug":"%ef%bb%bfle-maroc-preside-a-geneve-la-2eme-reunion-de-lomc","status":"publish","type":"post","link":"https:\/\/linitiative.ca\/International\/%ef%bb%bfle-maroc-preside-a-geneve-la-2eme-reunion-de-lomc\/","title":{"rendered":"\ufeffLe Maroc pr\u00e9side \u00e0 Gen\u00e8ve la 2\u00e8me r\u00e9union de l\u2019OMC"},"content":{"rendered":"<p class=\"has-text-color has-vivid-cyan-blue-color c1\"><strong>Dialogue informel sur la pollution par les plastiques<\/strong><\/p>\n<p><strong>Le Maroc a pr\u00e9sid\u00e9, lundi \u00e0 Gen\u00e8ve, la 2\u00e8me r\u00e9union du \u00ab\u00a0Dialogue informel de l\u2019Organisation mondiale du commerce (OMC) sur la pollution par les plastiques et le commerce des plastiques \u00e9cologiquement durables (IDP)\u00a0\u00bb, ax\u00e9e sur les th\u00e8mes de la transparence et de la coop\u00e9ration internationale.<\/strong><\/p>\n<p>Cette r\u00e9union \u00e0 laquelle ont pris part la directrice g\u00e9n\u00e9rale de l\u2019OMC, Dr Ngozi Okonjo-Iweala, les ambassadeurs du groupe des coauteurs (Maroc, Chine, Fidji, Barbade, le Royaume Uni, l\u2019\u00c9quateur, et Australie), ainsi que des repr\u00e9sentants de la CNUCED, du Graduate Institute, et d\u2019autres parties prenantes int\u00e9ress\u00e9es, se propose \u00ab\u00a0de mener la r\u00e9flexion sur les volets relatifs \u00e0 la transparence et \u00e0 la coop\u00e9ration internationale dans l\u2019examen de la question de la pollution plastique, en perspective d\u2019\u00e9laborer une d\u00e9claration pour la 12\u00e8me Conf\u00e9rence minist\u00e9rielle de l\u2019OMC (CM12), pr\u00e9vue fin de l\u2019ann\u00e9e en cours\u00a0\u00bb.<\/p>\n<p>La pr\u00e9sidence par le Maroc de cette r\u00e9union proc\u00e8de de l\u2019engagement constant et irr\u00e9versible du Royaume en faveur de la cause environnementale. Elle illustre, en outre, la pleine confiance du Royaume en la disposition de l\u2019OMC \u00e0 jouer son r\u00f4le pour la r\u00e9gulation du commerce des plastiques et la promotion d\u2019une \u00e9conomie circulaire favorable au respect du climat et de l\u2019environnement.<\/p>\n<p>\u00ab\u00a0Le Maroc, qui a pris tr\u00e8s t\u00f4t conscience de l\u2019importance d\u2019actions proactives en mati\u00e8re environnementale et de l\u2019urgence d\u2019agir face aux causes du d\u00e9r\u00e8glement climatique, est un acteur majeur du d\u00e9veloppement durable en Afrique et dans le monde, fortement investi au sein des instances internationales et r\u00e9gionales, pour r\u00e9pondre au d\u00e9fi climatique, un imp\u00e9ratif commun \u00e0 toute l\u2019humanit\u00e9\u00a0\u00bb, a soulign\u00e9 \u00e0 cette occasion l\u2019ambassadeur repr\u00e9sentant permanent du Royaume \u00e0 Gen\u00e8ve, Omar Zniber.<\/p>\n<p>M. Zniber a insist\u00e9, dans ce sens, sur la dimension environnementale du commerce, qui occupe une place importante dans les discussions au sein de l\u2019OMC, d\u00e9clench\u00e9es notamment par l\u2019impact n\u00e9gatif de la pollution par les plastiques comme l\u2019ont montr\u00e9 plusieurs recherches sur la production mondiale de plastiques, pr\u00e9cisant que chaque ann\u00e9e, plus de 300 millions de tonnes de d\u00e9chets plastiques sont g\u00e9n\u00e9r\u00e9es.<\/p>\n<p>Il a, \u00e0 cet \u00e9gard, pr\u00e9cis\u00e9 le cadre et les objectifs assign\u00e9s \u00e0 cette r\u00e9union, \u00e0 savoir, l\u2019identification des lacunes dans les donn\u00e9es et les connaissances sur le commerce des plastiques et la pollution par les plastiques, ainsi que l\u2019examen des bonnes pratiques d\u2019autres organisations internationales et parties prenantes concern\u00e9es par cette th\u00e9matique.<\/p>\n<p>Pour sa part, la directrice g\u00e9n\u00e9rale de l\u2019OMC, Dr Ngozi Okonjo-Iweala, a rappel\u00e9 l\u2019urgence de relever le d\u00e9fi croissant de la pollution par les plastiques, relevant que ce probl\u00e8me \u00ab\u00a0affecte n\u00e9gativement non seulement nos \u00e9conomies et notre capacit\u00e9 \u00e0 atteindre nos objectifs collectifs de d\u00e9veloppement durable fix\u00e9s dans l\u2019Agenda 2030, mais aussi la vie quotidienne de tant de communaut\u00e9s qui d\u00e9pendent de ressources en terres et en eau de plus en plus pollu\u00e9es\u00a0\u00bb.<\/p>\n<p>Plusieurs autres intervenants ont mis en exergue l\u2019importance et l\u2019urgence de la tenue de cet exercice de transparence et de coop\u00e9ration internationale, qui constitue une premi\u00e8re \u00e9tape indispensable pour identifier les principaux points d\u2019entr\u00e9e constructifs o\u00f9 l\u2019action sur le commerce serait la plus efficace, en \u00e9vitant les doubles emplois et en amplifiant l\u2019action dans d\u2019autres enceintes.<\/p>\n<p>L\u2019accent a \u00e9t\u00e9 mis, de m\u00eame , sur la n\u00e9cessit\u00e9 d\u2019associer une transparence accrue \u00e0 la coop\u00e9ration technique et au renforcement des capacit\u00e9s, en particulier pour les pays en d\u00e9veloppement, en vue de mieux identifier les entr\u00e9es et les sorties de plastiques.<\/p>\n<p>Lors du segment technique de cette r\u00e9union d\u00e9di\u00e9e \u00e0 l\u2019examen des d\u00e9fis de transparence relatifs au commerce des plastiques, des institutions comp\u00e9tentes, notamment la CNUCED et le Graduate Institute ont partag\u00e9 le r\u00e9sultat de leurs travaux en cours et pr\u00e9vus sur le sujet, notamment leur projet visant \u00e0 cr\u00e9er une \u00ab\u00a0base de donn\u00e9es sur le commerce du cycle de vie des plastiques\u00a0\u00bb.<\/p>\n<p>Cette r\u00e9union a \u00e9t\u00e9 couronn\u00e9e de succ\u00e8s dans la mesure o\u00f9 les discussions ont permis de converger les points de vue sur le r\u00f4le du commerce, de la politique commerciale et de l\u2019OMC dans la contribution aux efforts nationaux et internationaux de lutte contre la pollution plastique.<\/p>\n<p>La r\u00e9union qui a consacr\u00e9 \u00e9galement le r\u00f4le de l\u2019OMC comme cadre idoine pour relever des d\u00e9fis d\u2019int\u00e9r\u00eat public du 21\u00e8me si\u00e8cle, telle que la pollution par les plastiques, a soulign\u00e9 la pr\u00e9pond\u00e9rance de la th\u00e9matique de la pollution par les plastiques et le commerce des plastiques \u00e9cologiquement durables, en tant que d\u00e9fi qui ne conna\u00eet pas de fronti\u00e8res. La r\u00e9union a insist\u00e9 aussi sur la n\u00e9cessit\u00e9 de travailler en synergie pour \u00e9laborer une vision collective et positive pour relever ce d\u00e9fi.<\/p>\n<p>A la lumi\u00e8re de ces r\u00e9sultats encourageants, le groupe des coauteurs a convenu de travailler sur une d\u00e9claration pour la 12\u00e8me Conf\u00e9rence minist\u00e9rielle sur la base d\u2019un rapport factuel \u00e0 \u00e9laborer lors des travaux du groupe tout au long de l\u2019ann\u00e9e.<\/p>\n<p>Le Dialogue informel a \u00e9t\u00e9 lanc\u00e9 en novembre 2020 lors de la Semaine du Commerce et de l\u2019Environnement du Comit\u00e9 sur le Commerce et l\u2019Environnement et dont l\u2019objectif \u00e9tait de fournir une plate-forme d\u00e9di\u00e9e permettant aux membres d\u2019explorer \u2013 par l\u2019\u00e9change d\u2019id\u00e9es, d\u2019informations et de points de vue \u2013 comment l\u2019OMC pourrait contribuer aux efforts nationaux et mondiaux visant \u00e0 lutter contre la pollution par les plastiques et \u00e0 passer \u00e0 un commerce des plastiques circulaire et durable.<\/p>\n<p>Auteur: M&rsquo;hammed rahal<br \/>\n<a href=\"http:\/\/albayane.press.ma\/%EF%BB%BFle-maroc-preside-a-geneve-la-2eme-reunion-de-lomc.html\">Cliquez ici pour lire l&rsquo;article depuis sa source.<\/a><\/p>\n","protected":false},"excerpt":{"rendered":"<p>Dialogue informel sur la pollution par les plastiques Le Maroc a pr\u00e9sid\u00e9, lundi \u00e0 Gen\u00e8ve, la 2\u00e8me r\u00e9union du \u00ab\u00a0Dialogue informel de l\u2019Organisation mondiale du commerce (OMC) sur la pollution par les plastiques et le commerce des plastiques \u00e9cologiquement durables (IDP)\u00a0\u00bb, ax\u00e9e sur les th\u00e8mes de la transparence et de la coop\u00e9ration internationale. Cette r\u00e9union [&hellip;]<\/p>\n","protected":false},"author":1760,"featured_media":0,"comment_status":"closed","ping_status":"closed","sticky":false,"template":"","format":"standard","meta":{"fifu_image_url":"","fifu_image_alt":"","footnotes":""},"categories":[73,54],"tags":[],"class_list":["post-114033","post","type-post","status-publish","format-standard","hentry","category-actualite","category-maroc"],"_links":{"self":[{"href":"https:\/\/linitiative.ca\/International\/wp-json\/wp\/v2\/posts\/114033","targetHints":{"allow":["GET"]}}],"collection":[{"href":"https:\/\/linitiative.ca\/International\/wp-json\/wp\/v2\/posts"}],"about":[{"href":"https:\/\/linitiative.ca\/International\/wp-json\/wp\/v2\/types\/post"}],"author":[{"embeddable":true,"href":"https:\/\/linitiative.ca\/International\/wp-json\/wp\/v2\/users\/1760"}],"replies":[{"embeddable":true,"href":"https:\/\/linitiative.ca\/International\/wp-json\/wp\/v2\/comments?post=114033"}],"version-history":[{"count":0,"href":"https:\/\/linitiative.ca\/International\/wp-json\/wp\/v2\/posts\/114033\/revisions"}],"wp:attachment":[{"href":"https:\/\/linitiative.ca\/International\/wp-json\/wp\/v2\/media?parent=114033"}],"wp:term":[{"taxonomy":"category","embeddable":true,"href":"https:\/\/linitiative.ca\/International\/wp-json\/wp\/v2\/categories?post=114033"},{"taxonomy":"post_tag","embeddable":true,"href":"https:\/\/linitiative.ca\/International\/wp-json\/wp\/v2\/tags?post=114033"}],"curies":[{"name":"wp","href":"https:\/\/api.w.org\/{rel}","templated":true}]}}