{"id":114034,"date":"2021-03-31T05:00:23","date_gmt":"2021-03-31T09:00:23","guid":{"rendered":"https:\/\/linitiative.ca\/International\/le-parti-amal-est-le-prolongement-des-valeurs-liberales-nidaistes\/"},"modified":"2021-03-31T05:00:23","modified_gmt":"2021-03-31T09:00:23","slug":"le-parti-amal-est-le-prolongement-des-valeurs-liberales-nidaistes","status":"publish","type":"post","link":"https:\/\/linitiative.ca\/International\/le-parti-amal-est-le-prolongement-des-valeurs-liberales-nidaistes\/","title":{"rendered":": \u00ab Le parti Amal est le prolongement des valeurs lib\u00e9rales nidaistes \u00bb"},"content":{"rendered":"<p>Fid\u00e8le compagnon de route de feu B\u00e9ji Caid Essebssi depuis le lancement de Nidaa Tounes en 2012 et responsable de la logistique financi\u00e8re et de l\u2019organisation du parti jusqu\u2019\u00e0 ce qu\u2019elle prenne les r\u00eanes du minist\u00e8re du Tourisme et de l\u2019Artisanat en 2016 au sein du gouvernement de Habib Essid, pionni\u00e8re pour la prise en compte de l\u2019\u00e9cologie dans l\u2019habitat, l\u2019industrie et l\u2019agro-alimentaire, disposant de l\u2019un des CV les plus beaux de la R\u00e9publique, Mme Selma Elloumi, femme d\u2019affaires et de devoir, dont les fili\u00e8res industrielles et les int\u00e9r\u00eats s\u2019\u00e9tendent de la Tunisie \u00e0 l\u2019Europe, \u00e0 l\u2019Afrique, \u00e0 l\u2019Am\u00e9rique latine et aux Etats-Unis d\u2019Am\u00e9rique, fi\u00e8re et dure avec elle-m\u00eame, ancienne directrice du cabinet pr\u00e9sidentiel au temps de Bajbouj, pr\u00e9sidente actuellement du parti \u00ab\u00a0El Amal\u00a0\u00bb, prolongement, nous dit-elle, des valeurs lib\u00e9rales nidaistes, a tout connu de la politique. Ou presque. Les honneurs et les succ\u00e8s. Les d\u00e9ceptions et les trahisons.<\/p>\n<p>D\u2019ailleurs, dans toutes ses discussions avec ses convives, elle revient toujours sur la vie politique qui\u00a0\u00ab\u00a0n\u2019est jamais un long fleuve tranquille mais plut\u00f4t un torrent bouillonnant\u00a0\u00bb. Insiste-t-elle.<\/p>\n<p>\u00ab En politique, il faut avoir des plumes de canard. Tout glisse sur elles. Alors\u2026 Il importe de tenir bon face \u00e0 l\u2019adversit\u00e9.\u00bb, lui disait souvent son mentor B\u00e9ji Caid Essebssi.<\/p>\n<p>Si certains reprochent \u00e0 Selma Elloumi ses rares apparitions m\u00e9diatiques, sa r\u00e9putation de l\u00e9gitimiste convaincu au temps de la dissidence contre Bajbouj et ses balbutiements dans son entreprise f\u00e9d\u00e9ratrice de la famille centriste et moderniste apr\u00e8s la disparition du Nidaa de la sc\u00e8ne publique, elle encaisse en silence la litanie des ces remontrances, passe l\u2019\u00e9ponge, r\u00e9affirme sa strat\u00e9gie d\u2019offensive permanente dans les \u00e9preuves, balaie ces controverses de la main et met l\u2019accent plut\u00f4t sur son projet d\u2019alternance politique apr\u00e8s avoir rassembl\u00e9, pr\u00e9cise-t-elle, le plus largement possible les Tunisiennes et les Tunisiens autour d\u2019une plate-forme commune.<\/p>\n<p>Bien entendu, la nostalgie de l\u2019\u00e8re Bajbouj demeure vivace chez elle. Mais elle assure n\u2019avoir jamais renonc\u00e9 \u00e0 servir la Tunisie.\u00a0Ses valeurs. Ses int\u00e9r\u00eats. Sa r\u00e9volution. Sa grandeur.<\/p>\n<p>\u00ab\u00a0Je suis toujours dans le pr\u00e9sent ou dans le futur. Et toujours loin des slogans. Des pamphlets. Des diatribes. Des id\u00e9ologies. Des haines. Des diabolisations. Des uns et des autres\u00a0\u00bb, nous confie-t-elle dans une conversation amicale avec\u00a0\u00ab\u00a0L\u2019expert\u00a0\u00bb dans les locaux du parti Amal dans la r\u00e9gion du Lac.<\/p>\n<p class=\"c3\"><span class=\"c2\"><strong>\u00a0F\u00e9ministe, Mme Selma Elloumi ?<\/strong><\/span><\/p>\n<p>Je d\u00e9fendrai toujours la m\u00e9ritocratie.\u00a0A chaque occasion, \u00e0 chaque tribune, je me battrai pour qu\u2019une femme, qui a les comp\u00e9tences, ait la place qu\u2019elle m\u00e9rite dans la vie \u00e9conomique et sociale. \u00a0Car, aucun poste n\u2019est r\u00e9serv\u00e9. Je ne suis pas m\u00e9contente d\u2019avoir ouvert des br\u00e8ches dans le monde si masculin de la politique.<\/p>\n<p class=\"c3\"><span class=\"c2\"><strong>\u00a0Qu\u2019avez-vous appris de B\u00e9ji Caid Essebssi ?<\/strong><\/span><\/p>\n<p>Apr\u00e8s avoir perc\u00e9 dans le monde de l\u2019industrie et de l\u2019agro-alimentaire durant des d\u00e9cennies, ma\u00eetris\u00e9 le monde de la finance et des affaires, contribu\u00e9 \u00e0 renforcer l\u2019attractivit\u00e9 du site Tunisie dans son environnement r\u00e9gional et international, je d\u00e9couvre la politique et le sens de l\u2019Etat avec le lancement du Nidaa en 2012 et la proximit\u00e9 de feu B\u00e9ji Caid Essebssi, qui m\u2019a permis d\u2019appr\u00e9cier le travail collaboratif partisan, de saisir l\u2019histoire des sensibilit\u00e9s id\u00e9ologiques du pays, de jeter les ponts avec la soci\u00e9t\u00e9 civile, d\u2019aiguiser encore davantage ma curiosit\u00e9 intellectuelle et de refonder mon sens de l\u2019engagement au contact d\u2019\u00e9minentes personnalit\u00e9s publiques. Une richesse inou\u00efe. Une v\u00e9ritable saga. V\u00e9cue aux c\u00f4t\u00e9s d\u2019un homme exceptionnel.<\/p>\n<p class=\"c3\"><span class=\"c2\"><strong>\u00a0Quels \u00e9taient vos objectifs en lan\u00e7ant le \u00ab Parti Amal ?<\/strong><\/span><\/p>\n<p>C\u2019est le projet d\u2019alternance que nous allons porter pour sortir les Tunisiens de la crise. De la difficult\u00e9. De la d\u00e9prime. De l\u2019impasse politique. Nous voulons donner de l\u2019espoir. Marquer notre diff\u00e9rence. Travailler \u00e0 l\u2019\u00e9laboration d\u2019un projet l\u00e9gislatif et de gouvernance commune. Disposer d\u2019un programme clair, volontariste. D\u00e9finir un socle de propositions. Appeler au\u00a0\u00ab\u00a0devoir de vigilance\u00a0\u00bb. D\u00e9fendre une R\u00e9publique moderne, g\u00e9n\u00e9reuse, ouverte, exigeante. Invoquer l\u2019audace r\u00e9formatrice. Pr\u00e9senter des choix clairs. De nouvelles ambitions. Restaurer une nation respect\u00e9e. Rayonnante. Voil\u00e0 notre objectif. Mais nous sommes lucides. L\u2019heure est au rassemblement de la famille centriste devant la mont\u00e9e des p\u00e9rils. Des populismes. Du bipolarisme. Des dogmes. Le pari est ardu. C\u2019est le temps de la reconstruction. De l\u2019\u00e9nergie. De la s\u00e9r\u00e9nit\u00e9. De l\u2019endurance. De la t\u00e9nacit\u00e9.<\/p>\n<p>Nous avons la p\u00eache. Le moral. Car il y a toujours une lumi\u00e8re au bout de la route. Eh\u00a0! Oui\u2026Face au repli sur soi, \u00e0 l\u2019individualisation des comportements, \u00e0 la d\u00e9fiance, \u00e0 la peur, \u00e0 la d\u00e9lation et \u00e0 la perte des rep\u00e8res, le lancement du\u00a0\u00ab\u00a0Parti Amal\u00a0\u00bb r\u00e9affirme, plus que jamais, les principes de coh\u00e9sion, de justice et de solidarit\u00e9.<\/p>\n<p class=\"c3\"><strong><span class=\"c2\">\u00a0Que recommande votre programme \u00e9conomique pour sortir de l\u2019orni\u00e8re ?<\/span><\/strong><\/p>\n<p>Depuis l\u2019av\u00e8nement du Covid 19, autour de nous, le monde, comme toujours, va comme ci, comme \u00e7a. La Tunisie, nous le savons tous, va mal. Les chiffres d\u00e9sastreux du ch\u00f4mage. De l\u2019\u00e9conomie. De l\u2019informel. Des finances publiques. Du d\u00e9ficit de la balance commerciale. Du d\u00e9litement de nos PME. Sont l\u00e0. Nous avons mal. O\u00f9 allons-nous\u00a0? H\u00e9las\u00a0! De nos jours, la notion de risque et de l\u2019enrichissement \u00e0 la force du biceps est per\u00e7ue n\u00e9gativement. C\u2019est ce que l\u2019on voit actuellement lorsqu\u2019il s\u2019agit de faire valider des flux financiers, des projets industriels, des centres commerciaux.<\/p>\n<p>Nous sommes enferm\u00e9s dans le fantasme du risque z\u00e9ro. De l\u2019\u00e9galitarisme. Du mis\u00e9rabilisme. Face aux sombres perspectives qui se dessinent, la Tunisie devrait s\u2019assumer comme une soci\u00e9t\u00e9 du risque. Risque entrepreneuriale d\u2019abord, qui est le ressort premier de tout d\u00e9veloppement \u00e9conomique. Qui dit risque entrepreneuriale dit cr\u00e9ativit\u00e9, invention de nouveaux services, am\u00e9lioration de ce qui existe, ouverture de nouveaux march\u00e9s et donc \u00e0 terme, cr\u00e9ation d\u2019emplois et de croissance.<\/p>\n<p>J\u2019ai toujours plaid\u00e9 pour une soci\u00e9t\u00e9 entrepreneuriale. Moteur du progr\u00e8s. La Tunisie, qui ne restera pas une soci\u00e9t\u00e9 solidaire que si elle accepte de redevenir une soci\u00e9t\u00e9 du risque, a besoin d\u2019avancer. De faire sauter les verrous contre-productifs. D\u2019acc\u00e9l\u00e9rer la validation de certaines sources de croissance. De r\u00e9former l\u2019Etat. L\u2019organisation territoriale. La protection sociale. De changer les habitudes pour d\u00e9penser moins. De s\u2019attaquer \u00e0 l\u2019Etat ventripotent. D\u2019\u00e9laborer une feuille de route \u00e9conomique claire. Afin de favoriser les conditions d\u2019un d\u00e9but de reprise. De travailler au retour de la confiance des entrepreneurs et des investisseurs avec une fiscalit\u00e9 adapt\u00e9e \u00e0 la concurrence. De trouver un nouveau point d\u2019\u00e9quilibre o\u00f9 solidarit\u00e9 sociale et risque \u00e9conomique ne sont pas incompatibles.<\/p>\n<p class=\"c3\"><span class=\"c2\"><strong>\u00a0Croyez- vous au rassemblement de la famille centriste ?<\/strong><\/span><\/p>\n<p>\u00ab\u00a0Rassembler toutes les composantes de la mouvance moderniste et d\u00e9mocratique, c\u2019est comme conduire une brouette pleine de grenouilles, elles sautent dans tous les sens\u00a0\u00bb, a pour habitude de dire feu B\u00e9ji Caid Essebssi, qui connaissait bien son sujet. Cela dit, sous peine d\u2019un \u00e9chec collectif, nous avons besoin de nous concerter, de cr\u00e9er une nouvelle dynamique, de pr\u00e9senter aux Tunisiens une alternative cr\u00e9dible et d\u2019offrir, lors des prochaines \u00e9ch\u00e9ances \u00e9lectorales, une \u00ab\u00a0valeur refuge\u00a0\u00bb aux \u00e9lecteurs, d\u00e9boussol\u00e9s par les divisions et les scissions au sein de la classe politique, toutes tendances confondues.<\/p>\n<p class=\"c3\"><span class=\"c2\"><strong>\u00a0Comment \u00e9valuez-vous le rendement du locataire de Carthage ?<\/strong><\/span><\/p>\n<p>Dans le grand match entre la r\u00e9alit\u00e9 et Kais Said, la r\u00e9alit\u00e9 n\u2019en finit pas de marquer des points contre le pr\u00e9sident. Provoquant chez l\u2019opinion publique une avalanche de d\u00e9ceptions in\u00e9luctables. C\u2019est que les attentes des Tunisiens sont d\u2019ordre \u00e9conomique et social. Et le locataire de Carthage, emp\u00eatr\u00e9 dans les slogans et les quolibets, d\u00e9nu\u00e9 d\u2019emprise sur le r\u00e9el en raison de ses pr\u00e9rogatives limit\u00e9es, en est venu \u00e0 s\u2019exprimer dans le vide et \u00e0 \u00e9voluer dans un univers, qui n\u2019est pas loin de relever de la schizophr\u00e9nie. La crise \u00e9conomique et sanitaire est l\u00e0, bien s\u00fbr, mais son positionnement politique et ses apparitions publiques nous y enfoncent un peu plus.<\/p>\n<p>S\u2019il m\u2019est permis de lui adresser un reproche principal, c\u2019est cette confiance aveugle en lui et en son destin. Il se voit en messie. Missionn\u00e9. Passionn\u00e9. Persuad\u00e9 de son infaillibilit\u00e9. Il lui faudra prendre conscience au plus vite de l\u2019imminence d\u2019un dialogue national pour apaiser les tensions, redonner de l\u2019espoir, conforter la transition d\u00e9mocratique, renouer avec les instances financi\u00e8res mondiales, commencer un nouveau cycle de concertations et replacer la Tunisie dans l\u2019\u00e9chiquier r\u00e9gional et international. Afin que le peuple cesse de broyer du noir et de continuer \u00e0 croire aux vertus de l\u2019alternance et du pacte social.<\/p>\n<p class=\"c3\"><span class=\"c2\"><strong>\u00a0Le parti Amal est-il pr\u00eat pour les \u00e9ch\u00e9ances municipales de 2023 ?<\/strong><\/span><\/p>\n<p>Il s\u2019agit pour nous d\u2019un rendez-vous crucial. D\u2019un d\u00e9fi d\u2019une grande audace. Notre travail d\u2019implantation dans les diff\u00e9rentes r\u00e9gions nous permet d\u2019afficher une posture optimiste et conqu\u00e9rante. Nous croyons \u00e9norm\u00e9ment au pouvoir local car la proximit\u00e9 est \u00e0 la source de l\u2019acte d\u00e9mocratique, de la cr\u00e9ativit\u00e9, de l\u2019inventivit\u00e9, de l\u2019int\u00e9gration socio-\u00e9conomique, de l\u2019engagement associatif, de la vocation autogestionnaire et des attentes des citoyens. Le parti Amal, dont l\u2019objectif primordial est de renforcer ses effectifs, de retrousser ses manches, de proposer aux Tunisiens des motifs s\u00e9rieux d\u2019esp\u00e9rer au lieu de leur fournir des motifs suppl\u00e9mentaires de d\u00e9sesp\u00e9rer, de s\u2019ouvrir \u00e0 tous les talents et \u00e0 toutes les sensibilit\u00e9s qui ont fait nagu\u00e8re la force du Nidaa, compte appeler, \u00e0 cette occasion \u00e9lectorale, \u00e0 la mobilisation afin de b\u00e2tir un mod\u00e8le municipal unitaire, int\u00e9gratif, \u00e9cologique et culturel.<\/p>\n<p>C\u2019est ainsi que nous avons gagn\u00e9 en 2014. Dans l\u2019unit\u00e9 de base. Des \u00e9lites. Sans exclusion aucune. Car les \u00e9lections municipales auront un impact certain sur la politique nationale. Il faut que la famille moderniste soit unie dans cette confrontation pour stopper les \u00e9lans populistes, destructeurs, reconstituer des digues face aux extr\u00eames, se projeter dans l\u2019avenir et mener le combat sur les valeurs r\u00e9publicaines.<\/p>\n<p>Mon obsession est de convaincre. Nos militants iront voir chacun. Les Tunisiens. Les \u00e9lus. Les acteurs associatifs. Institutionnels. Sociaux. Politiques. Nous voulons faire infuser notre parole. Il y va de l\u2019avenir de la transition d\u00e9mocratique.<\/p>\n<p>Si nous n\u2019y prenons garde \u00e0 l\u2019\u00e9parpillement, je ne donnerai pas cher de notre place dans le dispositif politique des prochaines ann\u00e9es et nous irons fatalement vers plus de tension civile extr\u00eamement dure, ce qui est de nature \u00e0 compromettre encore davantage le d\u00e9veloppement \u00e9conomique du pays et \u00e0 isoler notre site sur le plan r\u00e9gional et international.<\/p>\n<p><strong>Propos recueillis par Imededdine Boula\u00e2ba<\/strong><\/p>\n<div class=\"wp-post-author-wrap wp-post-author-shortcode left\">\n<h3 class=\"awpa-title\"\/>\n<div class=\"wp-post-author\">\n<div class=\"awpa-img awpa-author-block square\"><a href=\"http:\/\/lexpertjournal.net\/fr\/?author=5\"><img loading=\"lazy\" decoding=\"async\" alt=\"\" src=\"http:\/\/0.gravatar.com\/avatar\/97f8e10a1c1125ba104a76514ee07b16?s=150&amp;d=mm&amp;r=g\" srcset=\"http:\/\/0.gravatar.com\/avatar\/97f8e10a1c1125ba104a76514ee07b16?s=300&amp;d=mm&amp;r=g 2x\" class=\"avatar avatar-150 photo\" height=\"150\" width=\"150\"\/><\/a><\/div>\n<\/div>\n<\/div>\n<aside class=\"mashsb-container mashsb-main mashsb-stretched\">\n<\/aside>\n<p>Auteur: L&rsquo;expert<br \/>\n<a href=\"http:\/\/lexpertjournal.net\/fr\/?p=19486\">Cliquez ici pour lire l&rsquo;article depuis sa source.<\/a><\/p>\n","protected":false},"excerpt":{"rendered":"<p>Fid\u00e8le compagnon de route de feu B\u00e9ji Caid Essebssi depuis le lancement de Nidaa Tounes en 2012 et responsable de la logistique financi\u00e8re et de l\u2019organisation du parti jusqu\u2019\u00e0 ce qu\u2019elle prenne les r\u00eanes du minist\u00e8re du Tourisme et de l\u2019Artisanat en 2016 au sein du gouvernement de Habib Essid, pionni\u00e8re pour la prise en [&hellip;]<\/p>\n","protected":false},"author":1775,"featured_media":0,"comment_status":"closed","ping_status":"closed","sticky":false,"template":"","format":"standard","meta":{"fifu_image_url":"http:\/\/0.gravatar.com\/avatar\/97f8e10a1c1125ba104a76514ee07b16?s=150&d=mm&r=g","fifu_image_alt":": \u00ab Le parti Amal est le prolongement des valeurs lib\u00e9rales nidaistes \u00bb","footnotes":""},"categories":[78,55],"tags":[],"class_list":["post-114034","post","type-post","status-publish","format-standard","hentry","category-economie","category-tunisie"],"_links":{"self":[{"href":"https:\/\/linitiative.ca\/International\/wp-json\/wp\/v2\/posts\/114034","targetHints":{"allow":["GET"]}}],"collection":[{"href":"https:\/\/linitiative.ca\/International\/wp-json\/wp\/v2\/posts"}],"about":[{"href":"https:\/\/linitiative.ca\/International\/wp-json\/wp\/v2\/types\/post"}],"author":[{"embeddable":true,"href":"https:\/\/linitiative.ca\/International\/wp-json\/wp\/v2\/users\/1775"}],"replies":[{"embeddable":true,"href":"https:\/\/linitiative.ca\/International\/wp-json\/wp\/v2\/comments?post=114034"}],"version-history":[{"count":0,"href":"https:\/\/linitiative.ca\/International\/wp-json\/wp\/v2\/posts\/114034\/revisions"}],"wp:attachment":[{"href":"https:\/\/linitiative.ca\/International\/wp-json\/wp\/v2\/media?parent=114034"}],"wp:term":[{"taxonomy":"category","embeddable":true,"href":"https:\/\/linitiative.ca\/International\/wp-json\/wp\/v2\/categories?post=114034"},{"taxonomy":"post_tag","embeddable":true,"href":"https:\/\/linitiative.ca\/International\/wp-json\/wp\/v2\/tags?post=114034"}],"curies":[{"name":"wp","href":"https:\/\/api.w.org\/{rel}","templated":true}]}}