{"id":114037,"date":"2021-03-31T05:30:00","date_gmt":"2021-03-31T09:30:00","guid":{"rendered":"https:\/\/linitiative.ca\/International\/desordre-organisationnel-et-mepris-pour-la-presse\/"},"modified":"2021-03-31T05:30:00","modified_gmt":"2021-03-31T09:30:00","slug":"desordre-organisationnel-et-mepris-pour-la-presse","status":"publish","type":"post","link":"https:\/\/linitiative.ca\/International\/desordre-organisationnel-et-mepris-pour-la-presse\/","title":{"rendered":"D\u00e9sordre organisationnel et m\u00e9pris pour la presse"},"content":{"rendered":"<div id=\"originalText\" readability=\"50\">\n<p>C\u2019est\u00a0 dans\u00a0 un\u00a0 d\u00e9sordre\u00a0 quasi\u00a0 total\u00a0 qu&rsquo;a eu lieu, hier, la rencontre sur les \u00e9changes\u00a0 des\u00a0 produits\u00a0 agricoles\u00a0 et\u00a0 le\u00a0troc\u00a0avec\u00a0les\u00a0pays\u00a0du\u00a0Sahel \u00e0 l\u2019universit\u00e9 de Tamanrasset.\u00a0<\/p>\n<p>Organis\u00e9e\u00a0 par\u00a0 la\u00a0 Chambre\u00a0 nationale\u00a0 de\u00a0 l\u2019agriculture\u00a0 (CNA),\u00a0 la\u00a0 manifestation pr\u00e9vue\u00a0 \u00e0\u00a0 8h30 a d\u00e9but\u00e9 avec deux heures de\u00a0 retard.\u00a0 Au lieu de s\u2019excuser aupr\u00e8s\u00a0 de\u00a0 l\u2019assistance, les organisateurs\u00a0 ont manifest\u00e9 un m\u00e9pris pour les journalistes locaux qui ont quasiment \u00e9t\u00e9 chass\u00e9s de la salle de conf\u00e9rences pour mettre les \u00e9tiquettes de r\u00e9servation de places aux invit\u00e9s.<\/p>\n<p>Plus\u00a0 grave\u00a0 encore, le\u00a0 repr\u00e9sentant\u00a0 de\u00a0 la\u00a0 CNA\u00a0 a\u00a0 manqu\u00e9\u00a0 de\u00a0 respect aux correspondants\u00a0 de\u00a0 presse,\u00a0 dont\u00a0 celui\u00a0 de\u00a0 Libert\u00e9.\u00a0 \u00a0Le\u00a0 statut d\u2019organisateur lui a servi\u00a0 de\u00a0 couverture\u00a0 pour\u00a0 s\u2019acharner\u00a0 contre\u00a0 la\u00a0 presse\u00a0 et\u00a0 prof\u00e9rer\u00a0 des ignominies qui ont failli compromettre l\u2019\u00e9v\u00e9nement.<\/p>\n<\/div>\n<div id=\"text_core\" readability=\"50\">\n<p>C\u2019est\u00a0 dans\u00a0 un\u00a0 d\u00e9sordre\u00a0 quasi\u00a0 total\u00a0 qu&rsquo;a eu lieu, hier, la rencontre sur les \u00e9changes\u00a0 des\u00a0 produits\u00a0 agricoles\u00a0 et\u00a0 le\u00a0troc\u00a0avec\u00a0les\u00a0pays\u00a0du\u00a0Sahel \u00e0 l\u2019universit\u00e9 de Tamanrasset.\u00a0<\/p>\n<p>Organis\u00e9e\u00a0 par\u00a0 la\u00a0 Chambre\u00a0 nationale\u00a0 de\u00a0 l\u2019agriculture\u00a0 (CNA),\u00a0 la\u00a0 manifestation pr\u00e9vue\u00a0 \u00e0\u00a0 8h30 a d\u00e9but\u00e9 avec deux heures de\u00a0 retard.\u00a0 Au lieu de s\u2019excuser aupr\u00e8s\u00a0 de\u00a0 l\u2019assistance, les organisateurs\u00a0 ont manifest\u00e9 un m\u00e9pris pour les journalistes locaux qui ont quasiment \u00e9t\u00e9 chass\u00e9s de la salle de conf\u00e9rences pour mettre les \u00e9tiquettes de r\u00e9servation de places aux invit\u00e9s.<\/p>\n<p>Plus\u00a0 grave\u00a0 encore, le\u00a0 repr\u00e9sentant\u00a0 de\u00a0 la\u00a0 CNA\u00a0 a\u00a0 manqu\u00e9\u00a0 de\u00a0 respect aux correspondants\u00a0 de\u00a0 presse,\u00a0 dont\u00a0 celui\u00a0 de\u00a0 Libert\u00e9.\u00a0 \u00a0Le\u00a0 statut d\u2019organisateur lui a servi\u00a0 de\u00a0 couverture\u00a0 pour\u00a0 s\u2019acharner\u00a0 contre\u00a0 la\u00a0 presse\u00a0 et\u00a0 prof\u00e9rer\u00a0 des ignominies qui ont failli compromettre l\u2019\u00e9v\u00e9nement.<\/p>\n<\/div>\n<p>Auteur:<br \/>\n<a href=\"https:\/\/www.liberte-algerie.com\/radar\/desordre-organisationnel-et-mepris-pour-la-presse-356405\">Cliquez ici pour lire l&rsquo;article depuis sa source.<\/a><\/p>\n","protected":false},"excerpt":{"rendered":"<p>C\u2019est\u00a0 dans\u00a0 un\u00a0 d\u00e9sordre\u00a0 quasi\u00a0 total\u00a0 qu&rsquo;a eu lieu, hier, la rencontre sur les \u00e9changes\u00a0 des\u00a0 produits\u00a0 agricoles\u00a0 et\u00a0 le\u00a0troc\u00a0avec\u00a0les\u00a0pays\u00a0du\u00a0Sahel \u00e0 l\u2019universit\u00e9 de Tamanrasset.\u00a0 Organis\u00e9e\u00a0 par\u00a0 la\u00a0 Chambre\u00a0 nationale\u00a0 de\u00a0 l\u2019agriculture\u00a0 (CNA),\u00a0 la\u00a0 manifestation pr\u00e9vue\u00a0 \u00e0\u00a0 8h30 a d\u00e9but\u00e9 avec deux heures de\u00a0 retard.\u00a0 Au lieu de s\u2019excuser aupr\u00e8s\u00a0 de\u00a0 l\u2019assistance, les organisateurs\u00a0 ont manifest\u00e9 [&hellip;]<\/p>\n","protected":false},"author":1742,"featured_media":0,"comment_status":"closed","ping_status":"closed","sticky":false,"template":"","format":"standard","meta":{"fifu_image_url":"","fifu_image_alt":"","footnotes":""},"categories":[73,53],"tags":[],"class_list":["post-114037","post","type-post","status-publish","format-standard","hentry","category-actualite","category-algerie"],"_links":{"self":[{"href":"https:\/\/linitiative.ca\/International\/wp-json\/wp\/v2\/posts\/114037","targetHints":{"allow":["GET"]}}],"collection":[{"href":"https:\/\/linitiative.ca\/International\/wp-json\/wp\/v2\/posts"}],"about":[{"href":"https:\/\/linitiative.ca\/International\/wp-json\/wp\/v2\/types\/post"}],"author":[{"embeddable":true,"href":"https:\/\/linitiative.ca\/International\/wp-json\/wp\/v2\/users\/1742"}],"replies":[{"embeddable":true,"href":"https:\/\/linitiative.ca\/International\/wp-json\/wp\/v2\/comments?post=114037"}],"version-history":[{"count":0,"href":"https:\/\/linitiative.ca\/International\/wp-json\/wp\/v2\/posts\/114037\/revisions"}],"wp:attachment":[{"href":"https:\/\/linitiative.ca\/International\/wp-json\/wp\/v2\/media?parent=114037"}],"wp:term":[{"taxonomy":"category","embeddable":true,"href":"https:\/\/linitiative.ca\/International\/wp-json\/wp\/v2\/categories?post=114037"},{"taxonomy":"post_tag","embeddable":true,"href":"https:\/\/linitiative.ca\/International\/wp-json\/wp\/v2\/tags?post=114037"}],"curies":[{"name":"wp","href":"https:\/\/api.w.org\/{rel}","templated":true}]}}