{"id":114039,"date":"2021-03-31T10:00:00","date_gmt":"2021-03-31T14:00:00","guid":{"rendered":"https:\/\/linitiative.ca\/International\/huit-corps-sans-vie-repeches-dans-une-station-depuration\/"},"modified":"2021-03-31T10:00:00","modified_gmt":"2021-03-31T14:00:00","slug":"huit-corps-sans-vie-repeches-dans-une-station-depuration","status":"publish","type":"post","link":"https:\/\/linitiative.ca\/International\/huit-corps-sans-vie-repeches-dans-une-station-depuration\/","title":{"rendered":"Huit corps sans vie rep\u00each\u00e9s dans une station d&rsquo;\u00e9puration"},"content":{"rendered":"<div id=\"originalText\" readability=\"47\">\n<p class=\"c6\">Huit personnes sont d\u00e9c\u00e9d\u00e9es par asphyxie dans une station d&rsquo;\u00e9puration \u00e0 Oued Ghir, dans la wilaya de B\u00e9ja\u00efa, selon plusieurs sources locales.<\/p>\n<p class=\"c6\">\u00a0\u00bbNous avons appris que huit personnes sont d\u00e9c\u00e9d\u00e9es ce matin par asphyxie dans une station d&rsquo;\u00e9puration pr\u00e8s de la maison d&rsquo;arr\u00eat de Oued-Ghir. Les d\u00e9funts \u00e9taient dans une mission de nettoyage de ladite station\u00a0\u00bb, \u00e0 indiqu\u00e9, ce mercredi, Radio Soummam, qui pr\u00e9cise que \u00ab\u00a0leurs corps ont fait l&rsquo;objet d&rsquo;un transfert au niveau de la morgue du CHU Khelil-Amrane pour les besoins d&rsquo;une autopsie m\u00e9dicale\u00a0\u00bb.<\/p>\n<p class=\"c6\">L&rsquo;op\u00e9ration de recherche d&rsquo;\u00e9ventuels autres corps se poursuit toujours, selon la m\u00eame source.<\/p>\n<p class=\"c7\"><strong>R\u00e9daction WEB<\/strong><\/p>\n<\/div>\n<div id=\"text_core\" readability=\"47\">\n<p class=\"c6\">Huit personnes sont d\u00e9c\u00e9d\u00e9es par asphyxie dans une station d&rsquo;\u00e9puration \u00e0 Oued Ghir, dans la wilaya de B\u00e9ja\u00efa, selon plusieurs sources locales.<\/p>\n<p class=\"c6\">\u00a0\u00bbNous avons appris que huit personnes sont d\u00e9c\u00e9d\u00e9es ce matin par asphyxie dans une station d&rsquo;\u00e9puration pr\u00e8s de la maison d&rsquo;arr\u00eat de Oued-Ghir. Les d\u00e9funts \u00e9taient dans une mission de nettoyage de ladite station\u00a0\u00bb, \u00e0 indiqu\u00e9, ce mercredi, Radio Soummam, qui pr\u00e9cise que \u00ab\u00a0leurs corps ont fait l&rsquo;objet d&rsquo;un transfert au niveau de la morgue du CHU Khelil-Amrane pour les besoins d&rsquo;une autopsie m\u00e9dicale\u00a0\u00bb.<\/p>\n<p class=\"c6\">L&rsquo;op\u00e9ration de recherche d&rsquo;\u00e9ventuels autres corps se poursuit toujours, selon la m\u00eame source.<\/p>\n<p class=\"c7\"><strong>R\u00e9daction WEB<\/strong><\/p>\n<\/div>\n<p>Auteur:<br \/>\n<a href=\"https:\/\/www.liberte-algerie.com\/actualite\/huit-corps-sans-vie-repeches-dans-une-station-depuration-356469\">Cliquez ici pour lire l&rsquo;article depuis sa source.<\/a><\/p>\n","protected":false},"excerpt":{"rendered":"<p>Huit personnes sont d\u00e9c\u00e9d\u00e9es par asphyxie dans une station d&rsquo;\u00e9puration \u00e0 Oued Ghir, dans la wilaya de B\u00e9ja\u00efa, selon plusieurs sources locales. \u00a0\u00bbNous avons appris que huit personnes sont d\u00e9c\u00e9d\u00e9es ce matin par asphyxie dans une station d&rsquo;\u00e9puration pr\u00e8s de la maison d&rsquo;arr\u00eat de Oued-Ghir. Les d\u00e9funts \u00e9taient dans une mission de nettoyage de ladite [&hellip;]<\/p>\n","protected":false},"author":1742,"featured_media":0,"comment_status":"closed","ping_status":"closed","sticky":false,"template":"","format":"standard","meta":{"fifu_image_url":"","fifu_image_alt":"","footnotes":""},"categories":[73,53],"tags":[],"class_list":["post-114039","post","type-post","status-publish","format-standard","hentry","category-actualite","category-algerie"],"_links":{"self":[{"href":"https:\/\/linitiative.ca\/International\/wp-json\/wp\/v2\/posts\/114039","targetHints":{"allow":["GET"]}}],"collection":[{"href":"https:\/\/linitiative.ca\/International\/wp-json\/wp\/v2\/posts"}],"about":[{"href":"https:\/\/linitiative.ca\/International\/wp-json\/wp\/v2\/types\/post"}],"author":[{"embeddable":true,"href":"https:\/\/linitiative.ca\/International\/wp-json\/wp\/v2\/users\/1742"}],"replies":[{"embeddable":true,"href":"https:\/\/linitiative.ca\/International\/wp-json\/wp\/v2\/comments?post=114039"}],"version-history":[{"count":0,"href":"https:\/\/linitiative.ca\/International\/wp-json\/wp\/v2\/posts\/114039\/revisions"}],"wp:attachment":[{"href":"https:\/\/linitiative.ca\/International\/wp-json\/wp\/v2\/media?parent=114039"}],"wp:term":[{"taxonomy":"category","embeddable":true,"href":"https:\/\/linitiative.ca\/International\/wp-json\/wp\/v2\/categories?post=114039"},{"taxonomy":"post_tag","embeddable":true,"href":"https:\/\/linitiative.ca\/International\/wp-json\/wp\/v2\/tags?post=114039"}],"curies":[{"name":"wp","href":"https:\/\/api.w.org\/{rel}","templated":true}]}}