{"id":114040,"date":"2021-03-31T11:20:00","date_gmt":"2021-03-31T15:20:00","guid":{"rendered":"https:\/\/linitiative.ca\/International\/la-faf-revele-un-arrangement-a-lamiable-avec-alcaraz\/"},"modified":"2021-03-31T11:20:00","modified_gmt":"2021-03-31T15:20:00","slug":"la-faf-revele-un-arrangement-a-lamiable-avec-alcaraz","status":"publish","type":"post","link":"https:\/\/linitiative.ca\/International\/la-faf-revele-un-arrangement-a-lamiable-avec-alcaraz\/","title":{"rendered":"La FAF r\u00e9v\u00e8le un arrangement \u00e0 l&rsquo;amiable avec Alcaraz"},"content":{"rendered":"<div id=\"originalText\" readability=\"63\">\n<p class=\"c6\">Selon le rapport moral et financier \u00e9labor\u00e9 par la FAF, dont Libert\u00e9 d\u00e9tient une copie, en perspective de l\u2019assembl\u00e9e g\u00e9n\u00e9rale ordinaire pr\u00e9vue le 5 avril prochain \u00e0 l\u2019h\u00f4tel Sheraton, un arrangement \u00e0 l\u2019amiable a \u00e9t\u00e9 trouv\u00e9 avec l\u2019ancien coach national, l\u2019espagnol Lucas Alcaraz. \u00a0<\/p>\n<p class=\"c6\">\u201cLe cas de l\u2019entra\u00eeneur national Alcaraz a trouv\u00e9 sa solution \u00e0 l\u2019amiable avec ses avocats suite \u00e0 l\u2019introduction de cette affaire de paiement de ses indemnit\u00e9s au TAS de Lausanne\u00a0\u00bb lit-on dans le rapport.\u00a0<\/p>\n<p class=\"c6\">Dans un communiqu\u00e9 publi\u00e9 le 5 avril 2020\u00a0 sur\u00a0son site officiel,\u00a0la F\u00e9d\u00e9ration alg\u00e9rienne de football avait r\u00e9v\u00e9l\u00e9 une premi\u00e8re d\u00e9cision de la FIFA en faveur de l\u2019ex-entra\u00eeneur national Lucas Alcaraz\u00a0et de ses adjoints\u00a0dans\u00a0l\u2019affaire\u00a0qui l\u2019oppose \u00e0 la FAF.<\/p>\n<p class=\"c6\">En\u00a0vertu de ce verdict de la\u00a0commission du statut du joueur de la f\u00e9d\u00e9ration mondiale, la FAF a \u00e9t\u00e9 somm\u00e9e de payer la somme globale de 1,5 million d\u2019euros (environ 30 milliards de centimes)\u00a0 \u00e0\u00a0 Alcaraz\u00a0 afin de d\u00e9dommager un licenciement intervenu en octobre 2017, consid\u00e9r\u00e9 par l\u2019int\u00e9ress\u00e9 comme \u201cabusif et unilat\u00e9ral\u201d.\u00a0<\/p>\n<p class=\"c6\">Les d\u00e9cisions concernant l\u2019ancien s\u00e9lectionneur\u00a0 national\u00a0 et\u00a0 ses\u00a0 deux adjoints sont rendues en premier ressort \u00a0par la FIFA et donc susceptibles d\u2019appel. Ainsi, la FAF a d\u00e9pos\u00e9 un recours au TAS de Lausanne qui devait statuer en dernier ressort avant cet arrangement \u00e0 l\u2019amiable.<\/p>\n<p class=\"c7\"><strong>Samir LAMARI pour la R\u00e9daction WEB<\/strong><\/p>\n<\/div>\n<div id=\"text_core\" readability=\"63\">\n<p class=\"c6\">Selon le rapport moral et financier \u00e9labor\u00e9 par la FAF, dont Libert\u00e9 d\u00e9tient une copie, en perspective de l\u2019assembl\u00e9e g\u00e9n\u00e9rale ordinaire pr\u00e9vue le 5 avril prochain \u00e0 l\u2019h\u00f4tel Sheraton, un arrangement \u00e0 l\u2019amiable a \u00e9t\u00e9 trouv\u00e9 avec l\u2019ancien coach national, l\u2019espagnol Lucas Alcaraz. \u00a0<\/p>\n<p class=\"c6\">\u201cLe cas de l\u2019entra\u00eeneur national Alcaraz a trouv\u00e9 sa solution \u00e0 l\u2019amiable avec ses avocats suite \u00e0 l\u2019introduction de cette affaire de paiement de ses indemnit\u00e9s au TAS de Lausanne\u00a0\u00bb lit-on dans le rapport.\u00a0<\/p>\n<p class=\"c6\">Dans un communiqu\u00e9 publi\u00e9 le 5 avril 2020\u00a0 sur\u00a0son site officiel,\u00a0la F\u00e9d\u00e9ration alg\u00e9rienne de football avait r\u00e9v\u00e9l\u00e9 une premi\u00e8re d\u00e9cision de la FIFA en faveur de l\u2019ex-entra\u00eeneur national Lucas Alcaraz\u00a0et de ses adjoints\u00a0dans\u00a0l\u2019affaire\u00a0qui l\u2019oppose \u00e0 la FAF.<\/p>\n<p class=\"c6\">En\u00a0vertu de ce verdict de la\u00a0commission du statut du joueur de la f\u00e9d\u00e9ration mondiale, la FAF a \u00e9t\u00e9 somm\u00e9e de payer la somme globale de 1,5 million d\u2019euros (environ 30 milliards de centimes)\u00a0 \u00e0\u00a0 Alcaraz\u00a0 afin de d\u00e9dommager un licenciement intervenu en octobre 2017, consid\u00e9r\u00e9 par l\u2019int\u00e9ress\u00e9 comme \u201cabusif et unilat\u00e9ral\u201d.\u00a0<\/p>\n<p class=\"c6\">Les d\u00e9cisions concernant l\u2019ancien s\u00e9lectionneur\u00a0 national\u00a0 et\u00a0 ses\u00a0 deux adjoints sont rendues en premier ressort \u00a0par la FIFA et donc susceptibles d\u2019appel. Ainsi, la FAF a d\u00e9pos\u00e9 un recours au TAS de Lausanne qui devait statuer en dernier ressort avant cet arrangement \u00e0 l\u2019amiable.<\/p>\n<p class=\"c7\"><strong>Samir LAMARI pour la R\u00e9daction WEB<\/strong><\/p>\n<\/div>\n<p>Auteur:<br \/>\n<a href=\"https:\/\/www.liberte-algerie.com\/actualite\/la-faf-revele-un-arrangement-a-lamiable-avec-alcaraz-356470\">Cliquez ici pour lire l&rsquo;article depuis sa source.<\/a><\/p>\n","protected":false},"excerpt":{"rendered":"<p>Selon le rapport moral et financier \u00e9labor\u00e9 par la FAF, dont Libert\u00e9 d\u00e9tient une copie, en perspective de l\u2019assembl\u00e9e g\u00e9n\u00e9rale ordinaire pr\u00e9vue le 5 avril prochain \u00e0 l\u2019h\u00f4tel Sheraton, un arrangement \u00e0 l\u2019amiable a \u00e9t\u00e9 trouv\u00e9 avec l\u2019ancien coach national, l\u2019espagnol Lucas Alcaraz. \u00a0 \u201cLe cas de l\u2019entra\u00eeneur national Alcaraz a trouv\u00e9 sa solution \u00e0 [&hellip;]<\/p>\n","protected":false},"author":1742,"featured_media":0,"comment_status":"closed","ping_status":"closed","sticky":false,"template":"","format":"standard","meta":{"fifu_image_url":"","fifu_image_alt":"","footnotes":""},"categories":[73,53],"tags":[],"class_list":["post-114040","post","type-post","status-publish","format-standard","hentry","category-actualite","category-algerie"],"_links":{"self":[{"href":"https:\/\/linitiative.ca\/International\/wp-json\/wp\/v2\/posts\/114040","targetHints":{"allow":["GET"]}}],"collection":[{"href":"https:\/\/linitiative.ca\/International\/wp-json\/wp\/v2\/posts"}],"about":[{"href":"https:\/\/linitiative.ca\/International\/wp-json\/wp\/v2\/types\/post"}],"author":[{"embeddable":true,"href":"https:\/\/linitiative.ca\/International\/wp-json\/wp\/v2\/users\/1742"}],"replies":[{"embeddable":true,"href":"https:\/\/linitiative.ca\/International\/wp-json\/wp\/v2\/comments?post=114040"}],"version-history":[{"count":0,"href":"https:\/\/linitiative.ca\/International\/wp-json\/wp\/v2\/posts\/114040\/revisions"}],"wp:attachment":[{"href":"https:\/\/linitiative.ca\/International\/wp-json\/wp\/v2\/media?parent=114040"}],"wp:term":[{"taxonomy":"category","embeddable":true,"href":"https:\/\/linitiative.ca\/International\/wp-json\/wp\/v2\/categories?post=114040"},{"taxonomy":"post_tag","embeddable":true,"href":"https:\/\/linitiative.ca\/International\/wp-json\/wp\/v2\/tags?post=114040"}],"curies":[{"name":"wp","href":"https:\/\/api.w.org\/{rel}","templated":true}]}}