{"id":114042,"date":"2021-03-31T03:39:48","date_gmt":"2021-03-31T07:39:48","guid":{"rendered":"https:\/\/linitiative.ca\/International\/reunion-sur-lapprovisionnement-des-marches-durant-ramadan\/"},"modified":"2021-03-31T03:39:48","modified_gmt":"2021-03-31T07:39:48","slug":"reunion-sur-lapprovisionnement-des-marches-durant-ramadan","status":"publish","type":"post","link":"https:\/\/linitiative.ca\/International\/reunion-sur-lapprovisionnement-des-marches-durant-ramadan\/","title":{"rendered":"R\u00e9union sur l\u2019approvisionnement des march\u00e9s durant Ramadan"},"content":{"rendered":"<div readability=\"38\">\n<p>Tahanaout (province d\u2019Al Haouz)- Une r\u00e9union de travail consacr\u00e9e \u00e0 l\u2019examen de la situation d\u2019approvisionnement des march\u00e9s durant le mois sacr\u00e9e du Ramadan, ainsi qu\u2019au contr\u00f4le de la qualit\u00e9 et des prix des produits de premi\u00e8re n\u00e9cessit\u00e9, a \u00e9t\u00e9 tenue en d\u00e9but de semaine, \u00e0 Tahanaout (province d\u2019Al Haouz).<\/p>\n<\/div>\n<div readability=\"80\">\n<p>Tenue en pr\u00e9sence du gouverneur de la province d\u2019Al\u00a0Haouz, M. Rachid Benchikhi, cette r\u00e9union intervient dans le contexte de la mise en application des directives du minist\u00e8re de l\u2019Int\u00e9rieur, telles que formul\u00e9es lors de la r\u00e9union de coordination tenue \u00e0 Rabat le 23 mars courant, au cours de laquelle l\u2019accent a \u00e9t\u00e9 mis sur l\u2019offre abondante et diversifi\u00e9e en mati\u00e8re d\u2019approvisionnement du march\u00e9 national en produits de base et de premi\u00e8re n\u00e9cessit\u00e9, qui r\u00e9pond aux besoins des citoyens \u00e0 travers l\u2019ensemble du territoire national.<\/p>\n<p>Intervenant \u00e0 cette occasion, M. Benchikhi a soulign\u00e9 l\u2019importance d\u2019intensifier les campagnes de contr\u00f4le des prix et de la qualit\u00e9 des produits afin de prot\u00e9ger la s\u00e9curit\u00e9, la sant\u00e9 et le pouvoir d\u2019achat des consommateurs.<\/p>\n<p>Dans ce contexte, il a mis l\u2019accent sur la n\u00e9cessit\u00e9 d\u2019une gestion de ces op\u00e9rations selon une approche proactive visant \u00e0 mettre en \u0153uvre les m\u00e9canismes de coordination et de suivi, afin de garantir la qualit\u00e9 des produits de base, dans le but de prot\u00e9ger la sant\u00e9 et le pouvoir d\u2019achat des m\u00e9nages.<\/p>\n<p>Dans la foul\u00e9e, M. Benchikhi a appel\u00e9 tous les intervenants dont, les repr\u00e9sentants de l\u2019administration territoriale, les services s\u00e9curitaires et ext\u00e9rieurs \u00e0 accorder une grande importance aux op\u00e9rations de contr\u00f4le, tout en veillant \u00e0 la mise en \u0153uvre du r\u00f4le des commissions locales et du suivi de leurs activit\u00e9s.<\/p>\n<p>Dans ce cadre, il n\u2019a pas manqu\u00e9 d\u2019insister sur l\u2019imp\u00e9ratif de poursuivre le respect scrupuleux des mesures sanitaires et pr\u00e9ventives visant \u00e0 enrayer la propagation de la Covid-19, dont les conditions d\u2019hygi\u00e8ne, le port des masques de protection et le respect de la distanciation physique dans les diff\u00e9rents souks hebdomadaires et centres commerciaux de la province.<\/p>\n<p>Cette r\u00e9union, qui a \u00e9t\u00e9 marqu\u00e9e par la pr\u00e9sentation d\u2019un expos\u00e9 par le chef de la Division des Affaires Economiques et de la Coordination sur la gestion des op\u00e9rations de contr\u00f4le, s\u2019est d\u00e9roul\u00e9e en pr\u00e9sence des agents d\u2019autorit\u00e9, des chefs des services s\u00e9curitaires, ainsi que des chefs et repr\u00e9sentants des services ext\u00e9rieurs aux niveaux provincial et r\u00e9gional.<\/p>\n<\/div>\n<p>Auteur: Mohammed KOURSI<br \/>\n<a href=\"http:\/\/www.mapmarrakech.ma\/fr\/reunion-sur-lapprovisionnement-des-marches-durant-ramadan\/\">Cliquez ici pour lire l&rsquo;article depuis sa source.<\/a><\/p>\n","protected":false},"excerpt":{"rendered":"<p>Tahanaout (province d\u2019Al Haouz)- Une r\u00e9union de travail consacr\u00e9e \u00e0 l\u2019examen de la situation d\u2019approvisionnement des march\u00e9s durant le mois sacr\u00e9e du Ramadan, ainsi qu\u2019au contr\u00f4le de la qualit\u00e9 et des prix des produits de premi\u00e8re n\u00e9cessit\u00e9, a \u00e9t\u00e9 tenue en d\u00e9but de semaine, \u00e0 Tahanaout (province d\u2019Al Haouz). Tenue en pr\u00e9sence du gouverneur de [&hellip;]<\/p>\n","protected":false},"author":1788,"featured_media":0,"comment_status":"closed","ping_status":"closed","sticky":false,"template":"","format":"standard","meta":{"fifu_image_url":"","fifu_image_alt":"","footnotes":""},"categories":[54,76],"tags":[],"class_list":["post-114042","post","type-post","status-publish","format-standard","hentry","category-maroc","category-regions"],"_links":{"self":[{"href":"https:\/\/linitiative.ca\/International\/wp-json\/wp\/v2\/posts\/114042","targetHints":{"allow":["GET"]}}],"collection":[{"href":"https:\/\/linitiative.ca\/International\/wp-json\/wp\/v2\/posts"}],"about":[{"href":"https:\/\/linitiative.ca\/International\/wp-json\/wp\/v2\/types\/post"}],"author":[{"embeddable":true,"href":"https:\/\/linitiative.ca\/International\/wp-json\/wp\/v2\/users\/1788"}],"replies":[{"embeddable":true,"href":"https:\/\/linitiative.ca\/International\/wp-json\/wp\/v2\/comments?post=114042"}],"version-history":[{"count":0,"href":"https:\/\/linitiative.ca\/International\/wp-json\/wp\/v2\/posts\/114042\/revisions"}],"wp:attachment":[{"href":"https:\/\/linitiative.ca\/International\/wp-json\/wp\/v2\/media?parent=114042"}],"wp:term":[{"taxonomy":"category","embeddable":true,"href":"https:\/\/linitiative.ca\/International\/wp-json\/wp\/v2\/categories?post=114042"},{"taxonomy":"post_tag","embeddable":true,"href":"https:\/\/linitiative.ca\/International\/wp-json\/wp\/v2\/tags?post=114042"}],"curies":[{"name":"wp","href":"https:\/\/api.w.org\/{rel}","templated":true}]}}