{"id":114043,"date":"2021-03-31T04:17:29","date_gmt":"2021-03-31T08:17:29","guid":{"rendered":"https:\/\/linitiative.ca\/International\/baisse-de-plus-de-93-du-trafic-aerien-en-fevrier\/"},"modified":"2021-03-31T04:17:29","modified_gmt":"2021-03-31T08:17:29","slug":"baisse-de-plus-de-93-du-trafic-aerien-en-fevrier","status":"publish","type":"post","link":"https:\/\/linitiative.ca\/International\/baisse-de-plus-de-93-du-trafic-aerien-en-fevrier\/","title":{"rendered":"Baisse de plus de 93 % du trafic a\u00e9rien en f\u00e9vrier"},"content":{"rendered":"<div class=\"single-featured\"><img alt=\"\" data-src=\"http:\/\/www.mapmarrakech.ma\/map\/uploads\/2020\/11\/a\u00e9roport-Marrakech-3-copier.jpg\"\/><\/div>\n<div class=\"single-post-excerpt post-excerpt-bc\" readability=\"37\">\n<p>A\u00e9roport Marrakech- Menara- Le nombre de passagers ayant transit\u00e9 par l\u2019a\u00e9roport international Marrakech- Menara, a enregistr\u00e9 durant le mois de f\u00e9vrier dernier, une baisse de 93,35% par rapport \u00e0 la m\u00eame p\u00e9riode de l\u2019ann\u00e9e 2020.<\/p>\n<\/div>\n<div class=\"entry-content clearfix single-post-content\" readability=\"63\">\n<p>Ainsi, cette infrastructure a\u00e9roportuaire a accueilli durant la m\u00eame p\u00e9riode, quelque 36.727 passagers contre 552.250 voyageurs durant le mois de f\u00e9vrier 2020, selon les derni\u00e8res statistiques fournies par l\u2019Office National des A\u00e9roports (ONDA).<\/p>\n<p>Selon la m\u00eame source, l\u2019a\u00e9roport international\u00a0Marrakech- Menara a enregistr\u00e9 une baisse de 90,08% au cours des deux premiers mois de 2021, avec 105.378 voyageurs accueillis contre 1.062.664 passagers accueillis durant la m\u00eame p\u00e9riode de 2020.<\/p>\n<p>Cet a\u00e9roport a occup\u00e9, durant le mois de f\u00e9vrier dernier, la 3\u00e8 place au niveau national en termes de trafic mouvements d\u2019avions, avec une part de 9,13 % derri\u00e8re l\u2019a\u00e9roport Mohammed V (48,63% de ce trafic) et Tanger- Ibn Battouta (10,97%), lit-on dans le rapport de l\u2019ONDA.<\/p>\n<p>Les a\u00e9roports du Royaume ont enregistr\u00e9 en f\u00e9vrier 2021, un volume de trafic commercial passager de 420.384 passagers contre 1.952.145 passagers accueillis en f\u00e9vrier 2020, soit une baisse de l\u2019ordre de 78,47% par rapport \u00e0 la m\u00eame p\u00e9riode de l\u2019ann\u00e9e 2020, note l\u2019ONDA.<\/p>\n<\/div>\n<p>Auteur: Mohammed KOURSI<br \/>\n<a href=\"http:\/\/www.mapmarrakech.ma\/fr\/baisse-de-plus-de-93-du-trafic-aerien-en-fevrier\/\">Cliquez ici pour lire l&rsquo;article depuis sa source.<\/a><\/p>\n","protected":false},"excerpt":{"rendered":"<p>A\u00e9roport Marrakech- Menara- Le nombre de passagers ayant transit\u00e9 par l\u2019a\u00e9roport international Marrakech- Menara, a enregistr\u00e9 durant le mois de f\u00e9vrier dernier, une baisse de 93,35% par rapport \u00e0 la m\u00eame p\u00e9riode de l\u2019ann\u00e9e 2020. Ainsi, cette infrastructure a\u00e9roportuaire a accueilli durant la m\u00eame p\u00e9riode, quelque 36.727 passagers contre 552.250 voyageurs durant le mois de [&hellip;]<\/p>\n","protected":false},"author":1788,"featured_media":0,"comment_status":"closed","ping_status":"closed","sticky":false,"template":"","format":"standard","meta":{"fifu_image_url":"http:\/\/www.mapmarrakech.ma\/map\/uploads\/2020\/11\/a\u00e9roport-Marrakech-3-copier.jpg","fifu_image_alt":"Baisse de plus de 93 % du trafic a\u00e9rien en f\u00e9vrier","footnotes":""},"categories":[54,76],"tags":[],"class_list":["post-114043","post","type-post","status-publish","format-standard","hentry","category-maroc","category-regions"],"_links":{"self":[{"href":"https:\/\/linitiative.ca\/International\/wp-json\/wp\/v2\/posts\/114043","targetHints":{"allow":["GET"]}}],"collection":[{"href":"https:\/\/linitiative.ca\/International\/wp-json\/wp\/v2\/posts"}],"about":[{"href":"https:\/\/linitiative.ca\/International\/wp-json\/wp\/v2\/types\/post"}],"author":[{"embeddable":true,"href":"https:\/\/linitiative.ca\/International\/wp-json\/wp\/v2\/users\/1788"}],"replies":[{"embeddable":true,"href":"https:\/\/linitiative.ca\/International\/wp-json\/wp\/v2\/comments?post=114043"}],"version-history":[{"count":0,"href":"https:\/\/linitiative.ca\/International\/wp-json\/wp\/v2\/posts\/114043\/revisions"}],"wp:attachment":[{"href":"https:\/\/linitiative.ca\/International\/wp-json\/wp\/v2\/media?parent=114043"}],"wp:term":[{"taxonomy":"category","embeddable":true,"href":"https:\/\/linitiative.ca\/International\/wp-json\/wp\/v2\/categories?post=114043"},{"taxonomy":"post_tag","embeddable":true,"href":"https:\/\/linitiative.ca\/International\/wp-json\/wp\/v2\/tags?post=114043"}],"curies":[{"name":"wp","href":"https:\/\/api.w.org\/{rel}","templated":true}]}}