{"id":114044,"date":"2021-03-31T10:14:51","date_gmt":"2021-03-31T14:14:51","guid":{"rendered":"https:\/\/linitiative.ca\/International\/une-plateforme-numerique-pour-la-prise-en-charge-des-femmes-violentees\/"},"modified":"2021-03-31T10:14:51","modified_gmt":"2021-03-31T14:14:51","slug":"une-plateforme-numerique-pour-la-prise-en-charge-des-femmes-violentees","status":"publish","type":"post","link":"https:\/\/linitiative.ca\/International\/une-plateforme-numerique-pour-la-prise-en-charge-des-femmes-violentees\/","title":{"rendered":"Une plateforme num\u00e9rique pour la prise en charge des femmes violent\u00e9es"},"content":{"rendered":"<div readability=\"36\">\n<p>Marrakech- La Commission r\u00e9gionale de prise en charge des femmes victimes de violence dans la circonscription de la Cour d\u2019appel de Marrakech proc\u00e9dera lundi prochain, au lancement d\u2019une plateforme \u00e9lectronique d\u00e9di\u00e9e \u00e0 la prise en charge des femmes victimes de violence et \u00e0 la r\u00e9ception de leurs plaintes.<\/p>\n<\/div>\n<div readability=\"91.595262267343\">\n<p>Accessible via le lien (<a href=\"https:\/\/mapsm.map.ma\/,DanaInfo=.awxyClnsh6jJxm+\">www.himaya.ma<\/a>), cette plateforme vise \u00e0 permettre aux femmes victimes de violence de d\u00e9poser et suivre leurs plaintes, de mani\u00e8re \u00e0 leur \u00e9viter les d\u00e9placements vers le si\u00e8ge de la Cour d\u2019appel \u00e0 Marrakech.<\/p>\n<p>Le pr\u00e9sident de la Commission r\u00e9gionale de prise en charge des femmes victimes de violence de la circonscription de la Cour d\u2019appel de Marrakech, Moulay Hassan Souidi, a relev\u00e9 que cette plateforme permettra de traiter de fa\u00e7on urgente les affaires des enfants et femmes victimes de violence bas\u00e9e sur le genre.<\/p>\n<p>Dans une d\u00e9claration \u00e0 la MAP, M. Souidi a indiqu\u00e9 que cette plateforme r\u00e9gionale, premi\u00e8re du genre, a \u00e9t\u00e9 cr\u00e9\u00e9e en collaboration avec les associations de la soci\u00e9t\u00e9 civile, \u00e9mettant le v\u0153u de voir cette initiative s\u2019\u00e9riger en mod\u00e8le pour les autres commissions au niveau national.<\/p>\n<p>Dans une d\u00e9claration similaire, la pr\u00e9sidente de l\u2019Association Anaouat pour femmes et enfants \u00e0 Chichaoua, Mme Amina Byouz, a soulign\u00e9 que ce site \u00e9lectronique repr\u00e9sente un m\u00e9canisme innovant visant \u00e0 fournir la protection aux femmes victimes de violence et \u00e0 rapprocher les services aux femmes issues de milieux vuln\u00e9rables.<\/p>\n<p>Et de faire savoir que cette plateforme, qui a \u00e9t\u00e9 con\u00e7ue de mani\u00e8re \u00e0 faciliter toutes les proc\u00e9dures de d\u00e9p\u00f4t et de suivi des plaintes, donnera acc\u00e8s \u00e0 plusieurs services, tels que l\u2019h\u00e9bergement et ce, en collaboration avec les partenaires, dont l\u2019Entraide Nationale et les centres de protection des enfants.<\/p>\n<p>La plateforme \u00e9lectronique comporte un formulaire pour la formulation des plaintes \u00e0 distance, qui peut \u00eatre rempli et envoy\u00e9 par voie \u00e9lectronique au Parquet g\u00e9n\u00e9ral, qui prendra toutes les mesures l\u00e9gales qui s\u2019imposent.<\/p>\n<p>Elle comprend \u00e9galement des donn\u00e9es relatives aux num\u00e9ros de t\u00e9l\u00e9phone, fax et adresse \u00e9lectronique de tous les membres de la Commission r\u00e9gionale de prise en charge des femmes victimes de la violence relevant de la Cour d\u2019appel de Marrakech.<\/p>\n<p>L\u2019annonce de la cr\u00e9ation de cette plateforme intervient en marge d\u2019une rencontre r\u00e9gionale organis\u00e9e par la Commission r\u00e9gionale de prise en charge des femmes victimes de violence, en partenariat avec l\u2019Association Anaouat pour femmes et enfants \u00e0 Chichaoua sous le th\u00e8me \u00ab\u00a0la num\u00e9risation du Parquet g\u00e9n\u00e9ral et les associations de la soci\u00e9t\u00e9 civile \u2026Quelle protection des femmes victimes de violence\u00a0?\u00a0\u00bb.<\/p>\n<p>Cette rencontre a \u00e9t\u00e9 marqu\u00e9e par la signature d\u2019une convention de partenariat entre la Commission r\u00e9gionale de prise en charge des femmes victimes de violence de la circonscription de la Cour d\u2019appel de Marrakech et plusieurs associations de la soci\u00e9t\u00e9 civile visant \u00e0 renforcer les capacit\u00e9s des acteurs associatifs dans le domaine de la lutte contre la violence contre les femmes, et \u00e0 appuyer les efforts de la Commission r\u00e9gionale dans le domaine de la protection des femmes victimes de violence.<\/p>\n<\/div>\n<p>Auteur: Mohammed KOURSI<br \/>\n<a href=\"http:\/\/www.mapmarrakech.ma\/fr\/une-plateforme-numerique-pour-la-prise-en-charge-des-femmes-violentees\/\">Cliquez ici pour lire l&rsquo;article depuis sa source.<\/a><\/p>\n","protected":false},"excerpt":{"rendered":"<p>Marrakech- La Commission r\u00e9gionale de prise en charge des femmes victimes de violence dans la circonscription de la Cour d\u2019appel de Marrakech proc\u00e9dera lundi prochain, au lancement d\u2019une plateforme \u00e9lectronique d\u00e9di\u00e9e \u00e0 la prise en charge des femmes victimes de violence et \u00e0 la r\u00e9ception de leurs plaintes. Accessible via le lien (www.himaya.ma), cette plateforme [&hellip;]<\/p>\n","protected":false},"author":1788,"featured_media":0,"comment_status":"closed","ping_status":"closed","sticky":false,"template":"","format":"standard","meta":{"fifu_image_url":"","fifu_image_alt":"","footnotes":""},"categories":[54,76],"tags":[],"class_list":["post-114044","post","type-post","status-publish","format-standard","hentry","category-maroc","category-regions"],"_links":{"self":[{"href":"https:\/\/linitiative.ca\/International\/wp-json\/wp\/v2\/posts\/114044","targetHints":{"allow":["GET"]}}],"collection":[{"href":"https:\/\/linitiative.ca\/International\/wp-json\/wp\/v2\/posts"}],"about":[{"href":"https:\/\/linitiative.ca\/International\/wp-json\/wp\/v2\/types\/post"}],"author":[{"embeddable":true,"href":"https:\/\/linitiative.ca\/International\/wp-json\/wp\/v2\/users\/1788"}],"replies":[{"embeddable":true,"href":"https:\/\/linitiative.ca\/International\/wp-json\/wp\/v2\/comments?post=114044"}],"version-history":[{"count":0,"href":"https:\/\/linitiative.ca\/International\/wp-json\/wp\/v2\/posts\/114044\/revisions"}],"wp:attachment":[{"href":"https:\/\/linitiative.ca\/International\/wp-json\/wp\/v2\/media?parent=114044"}],"wp:term":[{"taxonomy":"category","embeddable":true,"href":"https:\/\/linitiative.ca\/International\/wp-json\/wp\/v2\/categories?post=114044"},{"taxonomy":"post_tag","embeddable":true,"href":"https:\/\/linitiative.ca\/International\/wp-json\/wp\/v2\/tags?post=114044"}],"curies":[{"name":"wp","href":"https:\/\/api.w.org\/{rel}","templated":true}]}}