{"id":114045,"date":"2021-03-31T10:16:28","date_gmt":"2021-03-31T14:16:28","guid":{"rendered":"https:\/\/linitiative.ca\/International\/vers-le-renforcement-de-la-protection-des-femmes-violentees\/"},"modified":"2021-03-31T10:16:28","modified_gmt":"2021-03-31T14:16:28","slug":"vers-le-renforcement-de-la-protection-des-femmes-violentees","status":"publish","type":"post","link":"https:\/\/linitiative.ca\/International\/vers-le-renforcement-de-la-protection-des-femmes-violentees\/","title":{"rendered":"Vers le renforcement de la protection des femmes violent\u00e9es"},"content":{"rendered":"<div readability=\"38\">\n<p>Marrakech- Les participants \u00e0 une rencontre r\u00e9gionale organis\u00e9e, mardi \u00e0 Marrakech, sous le th\u00e8me \u00ab\u00a0la digitalisation du minist\u00e8re public et les associations de la soci\u00e9t\u00e9 civile : quelle protection pour les femmes contre les violences ?\u00a0\u00bb, ont affirm\u00e9 que la digitalisation des services prodigu\u00e9s par les magistrats du Parquet sont susceptibles de renforcer le m\u00e9canisme de protection des femmes victimes de violence.<\/p>\n<\/div>\n<div readability=\"100\">\n<p>Lors de cette rencontre, initi\u00e9e par la commission r\u00e9gionale charg\u00e9e de la prise en charge des femmes victimes de violence relevant de la circonscription de la Cour d\u2019appel de Marrakech, en partenariat avec l\u2019Association \u00ab\u00a0Nawat\u00a0\u00bb pour la femme et l\u2019enfant \u00e0 Chichaoua, les intervenants ont indiqu\u00e9 que le d\u00e9veloppement de plateformes num\u00e9riques d\u00e9di\u00e9es \u00e0 la r\u00e9ception et \u00e0 l\u2019activation des plaintes de violences \u00e0 l\u2019\u00e9gard des femmes permettra d\u2019acc\u00e9l\u00e9rer les proc\u00e9dures de protection pr\u00e9vues par la loi au profit des femmes et des enfants.<\/p>\n<p>A ce propos, le pr\u00e9sident de la commission r\u00e9gionale de lutte contre la violence \u00e0 l\u2019\u00e9gard des femmes \u00e0 la circonscription de la Cour d\u2019appel de Marrakech, Moulay Hassan Souidi, a mis en avant l\u2019arsenal juridique encadrant le syst\u00e8me de protection des femmes contre les diverses formes de violence, notamment la loi 103.13, entr\u00e9e en vigueur en septembre 2018.<\/p>\n<p>M. Souidi, \u00e9galement substitut du procureur g\u00e9n\u00e9ral pr\u00e8s la Cour d\u2019appel de la cit\u00e9 ocre, a relev\u00e9 que ce cadre juridique tend \u00e0 assurer une protection juridique aux femmes victimes de violence, \u00e0 travers quatre aspects, \u00e0 savoir la pr\u00e9vention, la protection, la r\u00e9pression et la prise en charge.<\/p>\n<p>Il a affirm\u00e9 que la cr\u00e9ation d\u2019une plateforme num\u00e9rique pour la prise en charge des femmes victimes de violence ou des enfants, au niveau r\u00e9gional, contribuera \u00e0 acc\u00e9l\u00e9rer le r\u00e8glement des plaintes et \u00e0 renforcer la protection des femmes contre les comportements criminels qu\u2019elles pourraient subir de la part des hommes.<\/p>\n<p>De son c\u00f4t\u00e9, la pr\u00e9sidente de l\u2019Association \u00ab\u00a0Nawat\u00a0\u00bb pour la femme et l\u2019enfants, Amina Bayouz, a indiqu\u00e9 que la soci\u00e9t\u00e9 civile est un partenaire fondamental dans la protection des femmes et des enfants victimes de violence et la promotion des meilleures pratiques en mati\u00e8re de r\u00e9ponse des pouvoirs publics aux questions de violence.<\/p>\n<p>Mme Bayouz a insist\u00e9 sur la n\u00e9cessit\u00e9 d\u2019assurer aux femmes la protection \u00ab\u00a0suffisante\u00a0\u00bb contre les violences dont elles sont victimes, y compris la mise en \u0153uvre des mesures de protection pr\u00e9vues par la loi et le d\u00e9veloppement de nouveaux instruments, tels que la r\u00e9ception des plaintes par voie num\u00e9rique et la garantie des services d\u2019h\u00e9bergement aux femmes violent\u00e9es.<\/p>\n<p>Elle a aussi appel\u00e9 \u00e0 la mise en place de strat\u00e9gies communes entre les acteurs publics (cellules r\u00e9gionales de prise en charge des femmes victimes de violence) et priv\u00e9s (soci\u00e9t\u00e9 civile) pour surmonter tous les obstacles qui emp\u00eachent les femmes de d\u00e9noncer les violences, et identifier les entraves juridiques existantes afin de garantir les moyens de protection appropri\u00e9s.<\/p>\n<p>En marge de cette rencontre, il a \u00e9t\u00e9 proc\u00e9d\u00e9 \u00e0 l\u2019annonce de la cr\u00e9ation d\u2019une plateforme \u00e9lectronique de la commission r\u00e9gionale de prise en charge des femmes victimes de violence dans la circonscription de la Cour d\u2019appel de Marrakech, qui permettra aux femmes victimes de violence de d\u00e9poser les plaintes par voie \u00e9lectronique et de leur \u00e9pargner le d\u00e9placement au si\u00e8ge de la Cour.<\/p>\n<p>Il a \u00e9t\u00e9 aussi proc\u00e9d\u00e9 \u00e0 la signature d\u2019une convention de partenariat entre ladite commission r\u00e9gionale et nombre d\u2019associations de la soci\u00e9t\u00e9 civile, en vue du renforcement des capacit\u00e9s des acteurs associatifs dans le domaine de la lutte contre la violence \u00e0 l\u2019\u00e9gard des femmes et l\u2019appui de la commission dans la protection des femmes violent\u00e9es.<\/p>\n<\/div>\n<p>Auteur: Mohammed KOURSI<br \/>\n<a href=\"http:\/\/www.mapmarrakech.ma\/fr\/vers-le-renforcement-de-la-protection-des-femmes-violentees\/\">Cliquez ici pour lire l&rsquo;article depuis sa source.<\/a><\/p>\n","protected":false},"excerpt":{"rendered":"<p>Marrakech- Les participants \u00e0 une rencontre r\u00e9gionale organis\u00e9e, mardi \u00e0 Marrakech, sous le th\u00e8me \u00ab\u00a0la digitalisation du minist\u00e8re public et les associations de la soci\u00e9t\u00e9 civile : quelle protection pour les femmes contre les violences ?\u00a0\u00bb, ont affirm\u00e9 que la digitalisation des services prodigu\u00e9s par les magistrats du Parquet sont susceptibles de renforcer le m\u00e9canisme [&hellip;]<\/p>\n","protected":false},"author":1788,"featured_media":0,"comment_status":"closed","ping_status":"closed","sticky":false,"template":"","format":"standard","meta":{"fifu_image_url":"","fifu_image_alt":"","footnotes":""},"categories":[54,76],"tags":[],"class_list":["post-114045","post","type-post","status-publish","format-standard","hentry","category-maroc","category-regions"],"_links":{"self":[{"href":"https:\/\/linitiative.ca\/International\/wp-json\/wp\/v2\/posts\/114045","targetHints":{"allow":["GET"]}}],"collection":[{"href":"https:\/\/linitiative.ca\/International\/wp-json\/wp\/v2\/posts"}],"about":[{"href":"https:\/\/linitiative.ca\/International\/wp-json\/wp\/v2\/types\/post"}],"author":[{"embeddable":true,"href":"https:\/\/linitiative.ca\/International\/wp-json\/wp\/v2\/users\/1788"}],"replies":[{"embeddable":true,"href":"https:\/\/linitiative.ca\/International\/wp-json\/wp\/v2\/comments?post=114045"}],"version-history":[{"count":0,"href":"https:\/\/linitiative.ca\/International\/wp-json\/wp\/v2\/posts\/114045\/revisions"}],"wp:attachment":[{"href":"https:\/\/linitiative.ca\/International\/wp-json\/wp\/v2\/media?parent=114045"}],"wp:term":[{"taxonomy":"category","embeddable":true,"href":"https:\/\/linitiative.ca\/International\/wp-json\/wp\/v2\/categories?post=114045"},{"taxonomy":"post_tag","embeddable":true,"href":"https:\/\/linitiative.ca\/International\/wp-json\/wp\/v2\/tags?post=114045"}],"curies":[{"name":"wp","href":"https:\/\/api.w.org\/{rel}","templated":true}]}}