{"id":114047,"date":"2021-03-30T16:02:34","date_gmt":"2021-03-30T20:02:34","guid":{"rendered":"https:\/\/linitiative.ca\/International\/le-patrimoine-materiel-et-immateriel-du-maroc-une-richesse-a-valoriser\/"},"modified":"2021-03-30T16:02:34","modified_gmt":"2021-03-30T20:02:34","slug":"le-patrimoine-materiel-et-immateriel-du-maroc-une-richesse-a-valoriser","status":"publish","type":"post","link":"https:\/\/linitiative.ca\/International\/le-patrimoine-materiel-et-immateriel-du-maroc-une-richesse-a-valoriser\/","title":{"rendered":"Le patrimoine mat\u00e9riel et immat\u00e9riel du Maroc, une richesse \u00e0 valoriser"},"content":{"rendered":"<p class=\"c4\">Le patrimoine mat\u00e9riel et immat\u00e9riel du Maroc se caract\u00e9rise par sa richesse et sa diversit\u00e9, et n\u00e9cessite un effort consid\u00e9rable pour le mettre en valeur, ont affirm\u00e9 les participants \u00e0 un webinaire organis\u00e9 r\u00e9cemment sous le th\u00e8me \u00abLe patrimoine mat\u00e9riel et immat\u00e9riel : entre richesse, diversit\u00e9 et enjeu de valorisation\u00bb.<\/p>\n<p class=\"c4\">Cette rencontre, qui s\u2019inscrit dans le cadre d\u2019une s\u00e9rie de webinaires organis\u00e9s par le Conseil provincial de Guercif, avec la participation de chercheurs et experts, a mis en exergue le r\u00f4le que peut jouer le patrimoine mat\u00e9riel et immat\u00e9riel en tant que levier essentiel du d\u00e9veloppement au Maroc.<\/p>\n<p class=\"c4\">Intervenant en ouverture de cette rencontre, le pr\u00e9sident du Conseil provincial de Guercif, Ahmed Azzouzi, a soulign\u00e9 que le patrimoine mat\u00e9riel et immat\u00e9riel, dans toutes ses formes, constitue un r\u00e9f\u00e9rentiel commun au sein de chaque peuple ou soci\u00e9t\u00e9, et se trouve, plus que jamais, au c\u0153ur du processus du d\u00e9veloppement, devenant une v\u00e9ritable locomotive pour l\u2019essor \u00e9conomique, social et civilisationnel des pays.<\/p>\n<p class=\"c4\">Il a aussi regrett\u00e9 \u00abl\u2019absence d\u2019une politique publique visant \u00e0 pr\u00e9server le patrimoine dans toutes ses facettes et en faire un levier \u00e9conomique g\u00e9n\u00e9rateur de richesse\u00bb, estimant que ce d\u00e9ficit fait perdre \u00e0 l\u2019Etat des recettes importantes pouvant \u00eatre g\u00e9n\u00e9r\u00e9es par le tourisme et l\u2019investissement li\u00e9s au patrimoine.<\/p>\n<p class=\"c4\">Les intervenants lors de ce webinaire ont indiqu\u00e9 que le patrimoine constitue une richesse nationale et une source de fiert\u00e9 pour toute nation, ce qui explique l\u2019int\u00e9r\u00eat grandissant accord\u00e9 au patrimoine mat\u00e9riel et immat\u00e9riel en tant que socle de l\u2019identit\u00e9 culturelle de chaque peuple et une base pour le d\u00e9veloppement \u00e9conomique et social.<\/p>\n<p class=\"c4\">A cet \u00e9gard, le chercheur en histoire et droit, Abdelouahed Mehdaoui, a not\u00e9 que le Maroc veille \u00e0 la pr\u00e9servation de son patrimoine sous toutes ses formes, adoptant \u00e0 cet effet un arsenal juridique important, en particulier la loi 22.80 relative \u00e0 la conservation des monuments historiques et des sites, des inscriptions, des objets d\u2019art et d\u2019antiquit\u00e9.<\/p>\n<p class=\"c4\">Il a aussi mis l\u2019accent sur les textes juridiques relatifs notamment \u00e0 l\u2019urbanisme et \u00e0 l\u2019environnement, qui accordent un int\u00e9r\u00eat particulier aux monuments historiques et au patrimoine, rappelant que d\u2019autres textes de loi sont en phase de pr\u00e9paration, notamment le projet de loi-cadre relative \u00e0 la charte du patrimoine et le projet de loi relative aux tr\u00e9sors humains vivants.<\/p>\n<p class=\"c4\">De son c\u00f4t\u00e9, le chercheur sp\u00e9cialiste dans le patrimoine de l\u2019Occident musulman, Mohamed Mrabti, a jet\u00e9 la lumi\u00e8re sur l\u2019histoire et les caract\u00e9ristiques architecturales de la Kasbah de Mrada \u00e0 Guercif, soulignant le r\u00f4le important qu\u2019a jou\u00e9 ce monument militaire dans la protection du Maroc contre les attaques venues de l\u2019est, notamment \u00e0 l\u2019\u00e8re des M\u00e9rinides puis sous la dynastie alaouite.<\/p>\n<p class=\"c4\">Dans le m\u00eame sens, le professeur universitaire Said Ardif, a abord\u00e9 les r\u00f4les importants jou\u00e9s par les zaouias et mausol\u00e9es en tant que patrimoine riche de la r\u00e9gion de Guercif, ayant contribu\u00e9, \u00e0 travers les \u00e2ges, \u00e0 la diffusion de la culture et de l\u2019\u00e9ducation et \u00e0 la mobilisation contre l\u2019occupant durant la p\u00e9riode du protectorat.<\/p>\n<p class=\"c4\">Mahdia Mestqari, professeur-chercheur en histoire sociale, a mis l\u2019accent, quant \u00e0 elle, sur le cheval et l\u2019art \u00e9questre en tant que composante inh\u00e9rente au patrimoine culturel marocain, v\u00e9hiculant des valeurs ancestrales de courage, de noblesse et de g\u00e9n\u00e9rosit\u00e9 qui ont marqu\u00e9 l\u2019imaginaire collectif des Marocains et leur identit\u00e9 culturelle.<\/p>\n<p>Auteur: Soufiane ELAHMAR<br \/>\n<a href=\"http:\/\/www.mapoujda.ma\/fr\/le-patrimoine-materiel-et-immateriel-du-maroc-une-richesse-a-valoriser\/\">Cliquez ici pour lire l&rsquo;article depuis sa source.<\/a><\/p>\n","protected":false},"excerpt":{"rendered":"<p>Le patrimoine mat\u00e9riel et immat\u00e9riel du Maroc se caract\u00e9rise par sa richesse et sa diversit\u00e9, et n\u00e9cessite un effort consid\u00e9rable pour le mettre en valeur, ont affirm\u00e9 les participants \u00e0 un webinaire organis\u00e9 r\u00e9cemment sous le th\u00e8me \u00abLe patrimoine mat\u00e9riel et immat\u00e9riel : entre richesse, diversit\u00e9 et enjeu de valorisation\u00bb. Cette rencontre, qui s\u2019inscrit dans [&hellip;]<\/p>\n","protected":false},"author":1788,"featured_media":0,"comment_status":"closed","ping_status":"closed","sticky":false,"template":"","format":"standard","meta":{"fifu_image_url":"","fifu_image_alt":"","footnotes":""},"categories":[54,76],"tags":[],"class_list":["post-114047","post","type-post","status-publish","format-standard","hentry","category-maroc","category-regions"],"_links":{"self":[{"href":"https:\/\/linitiative.ca\/International\/wp-json\/wp\/v2\/posts\/114047","targetHints":{"allow":["GET"]}}],"collection":[{"href":"https:\/\/linitiative.ca\/International\/wp-json\/wp\/v2\/posts"}],"about":[{"href":"https:\/\/linitiative.ca\/International\/wp-json\/wp\/v2\/types\/post"}],"author":[{"embeddable":true,"href":"https:\/\/linitiative.ca\/International\/wp-json\/wp\/v2\/users\/1788"}],"replies":[{"embeddable":true,"href":"https:\/\/linitiative.ca\/International\/wp-json\/wp\/v2\/comments?post=114047"}],"version-history":[{"count":0,"href":"https:\/\/linitiative.ca\/International\/wp-json\/wp\/v2\/posts\/114047\/revisions"}],"wp:attachment":[{"href":"https:\/\/linitiative.ca\/International\/wp-json\/wp\/v2\/media?parent=114047"}],"wp:term":[{"taxonomy":"category","embeddable":true,"href":"https:\/\/linitiative.ca\/International\/wp-json\/wp\/v2\/categories?post=114047"},{"taxonomy":"post_tag","embeddable":true,"href":"https:\/\/linitiative.ca\/International\/wp-json\/wp\/v2\/tags?post=114047"}],"curies":[{"name":"wp","href":"https:\/\/api.w.org\/{rel}","templated":true}]}}