{"id":114048,"date":"2021-03-30T16:18:08","date_gmt":"2021-03-30T20:18:08","guid":{"rendered":"https:\/\/linitiative.ca\/International\/covid-19-hausse-de-64-des-cas-positifs-en-deux-semaines\/"},"modified":"2021-03-30T16:18:08","modified_gmt":"2021-03-30T20:18:08","slug":"covid-19-hausse-de-64-des-cas-positifs-en-deux-semaines","status":"publish","type":"post","link":"https:\/\/linitiative.ca\/International\/covid-19-hausse-de-64-des-cas-positifs-en-deux-semaines\/","title":{"rendered":"Covid-19: Hausse de 6,4% des cas positifs en deux semaines"},"content":{"rendered":"<p class=\"c4\">Les cas d\u2019infection au Covid-19 ont augment\u00e9 de 6,4% pendant les deux derni\u00e8res semaines au Maroc, a indiqu\u00e9 mardi \u00e0 Rabat le chef de la division des maladies transmissibles \u00e0 la direction de l\u2019\u00e9pid\u00e9miologie et de lutte contre les maladies, Abdelkrim Meziane Bellefquih.<\/p>\n<p class=\"c4\">Pr\u00e9sentant le bilan bimensuel de la situation \u00e9pid\u00e9miologique dans le Royaume, le responsable a expliqu\u00e9 que c\u2019est la quatri\u00e8me semaine de hausse cons\u00e9cutive, une \u00e9volution qui n\u00e9cessite davantage de vigilance et de respect des mesures pr\u00e9ventives pour maintenir les acquis.<\/p>\n<p class=\"c4\">En revanche, les cas actifs s\u2019inscrivent en baisse en passant de 4237 \u00e0 3364 cas en deux semaines, soit un taux de -20,1%. Quant aux cas critiques, ils ont augment\u00e9 de 4,5 % (401 contre 419).<\/p>\n<p class=\"c4\">Le taux de reproduction du virus s\u2019est quant \u00e0 lui stabilis\u00e9 \u00e0 1,06 apr\u00e8s avoir atteint ces derni\u00e8res semaines des niveaux satisfaisants sous la barre de 1, a-t-il ajout\u00e9.<\/p>\n<p class=\"c4\">Selon M. Bellefquih, les donn\u00e9es sur la situation \u00e9pid\u00e9miologique incitent \u00e0 faire preuve de plus de vigilance avec un plus grand respect des mesures de pr\u00e9vention afin de pr\u00e9server les acquis au moment o\u00f9 se poursuit la campagne nationale de vaccination dans de bonnes conditions. L\u2019objectif est d\u2019atteindre un taux de couverture de 80% de la population, a-t-il rappel\u00e9.<\/p>\n<p class=\"c4\">Il s\u2019est dans le m\u00eame contexte f\u00e9licit\u00e9 du bon d\u00e9roulement de la campagne qui en est \u00e0 sa 13\u00e8me semaine, affirmant la d\u00e9termination du minist\u00e8re de redoubler d\u2019efforts pour s\u2019approvisionner en quantit\u00e9s suffisantes de vaccins anti-Covid 19.<\/p>\n<p>Auteur: Soufiane ELAHMAR<br \/>\n<a href=\"http:\/\/www.mapoujda.ma\/fr\/covid-19-hausse-de-64-des-cas-positifs-en-deux-semaines\/\">Cliquez ici pour lire l&rsquo;article depuis sa source.<\/a><\/p>\n","protected":false},"excerpt":{"rendered":"<p>Les cas d\u2019infection au Covid-19 ont augment\u00e9 de 6,4% pendant les deux derni\u00e8res semaines au Maroc, a indiqu\u00e9 mardi \u00e0 Rabat le chef de la division des maladies transmissibles \u00e0 la direction de l\u2019\u00e9pid\u00e9miologie et de lutte contre les maladies, Abdelkrim Meziane Bellefquih. Pr\u00e9sentant le bilan bimensuel de la situation \u00e9pid\u00e9miologique dans le Royaume, le [&hellip;]<\/p>\n","protected":false},"author":1788,"featured_media":0,"comment_status":"closed","ping_status":"closed","sticky":false,"template":"","format":"standard","meta":{"fifu_image_url":"","fifu_image_alt":"","footnotes":""},"categories":[54,76],"tags":[],"class_list":["post-114048","post","type-post","status-publish","format-standard","hentry","category-maroc","category-regions"],"_links":{"self":[{"href":"https:\/\/linitiative.ca\/International\/wp-json\/wp\/v2\/posts\/114048","targetHints":{"allow":["GET"]}}],"collection":[{"href":"https:\/\/linitiative.ca\/International\/wp-json\/wp\/v2\/posts"}],"about":[{"href":"https:\/\/linitiative.ca\/International\/wp-json\/wp\/v2\/types\/post"}],"author":[{"embeddable":true,"href":"https:\/\/linitiative.ca\/International\/wp-json\/wp\/v2\/users\/1788"}],"replies":[{"embeddable":true,"href":"https:\/\/linitiative.ca\/International\/wp-json\/wp\/v2\/comments?post=114048"}],"version-history":[{"count":0,"href":"https:\/\/linitiative.ca\/International\/wp-json\/wp\/v2\/posts\/114048\/revisions"}],"wp:attachment":[{"href":"https:\/\/linitiative.ca\/International\/wp-json\/wp\/v2\/media?parent=114048"}],"wp:term":[{"taxonomy":"category","embeddable":true,"href":"https:\/\/linitiative.ca\/International\/wp-json\/wp\/v2\/categories?post=114048"},{"taxonomy":"post_tag","embeddable":true,"href":"https:\/\/linitiative.ca\/International\/wp-json\/wp\/v2\/tags?post=114048"}],"curies":[{"name":"wp","href":"https:\/\/api.w.org\/{rel}","templated":true}]}}