{"id":114049,"date":"2021-03-30T17:57:06","date_gmt":"2021-03-30T21:57:06","guid":{"rendered":"https:\/\/linitiative.ca\/International\/rencontre-a-oujda-sur-la-promotion-de-la-parite-en-politique\/"},"modified":"2021-03-30T17:57:06","modified_gmt":"2021-03-30T21:57:06","slug":"rencontre-a-oujda-sur-la-promotion-de-la-parite-en-politique","status":"publish","type":"post","link":"https:\/\/linitiative.ca\/International\/rencontre-a-oujda-sur-la-promotion-de-la-parite-en-politique\/","title":{"rendered":"Rencontre \u00e0 Oujda sur la promotion de la parit\u00e9 en politique"},"content":{"rendered":"<p class=\"c4\">La Commission r\u00e9gionale des droits de l\u2019homme (CRDH) de l\u2019Oriental a organis\u00e9, mardi \u00e0 Oujda, une rencontre sur la parit\u00e9 en politique, en tant que fondement de l\u2019effectivit\u00e9 du droit \u00e0 l\u2019\u00e9galit\u00e9.<\/p>\n<p class=\"c4\">Cette rencontre qui s\u2019inscrit dans le d\u00e9bat soci\u00e9tal sur la promotion de l\u2019acc\u00e8s des femmes aux postes politiques, a d\u00e9battu de la r\u00e9alit\u00e9 de la parit\u00e9 \u00e0 la lumi\u00e8re des lois \u00e9lectorales et des donn\u00e9es sociales, \u00e9conomiques et culturelles, ainsi que les acquis r\u00e9alis\u00e9s par le Maroc et les d\u00e9fis \u00e0 relever en la mati\u00e8re.<\/p>\n<p class=\"c4\">Pour le coordinateur du m\u00e9canisme national de la promotion de la culture des droits de l\u2019Homme et de la consolidation de la d\u00e9mocratie, Mustapha Merizak, cette rencontre rentre dans le sillage du programme d\u2019actions lanc\u00e9 par le Conseil national des droits de l\u2019Homme (CNDH) \u00e0 l\u2019occasion de la Journ\u00e9e internationale de la femme et qui est ponctu\u00e9 par une s\u00e9rie de conf\u00e9rences internationales, nationales et r\u00e9gionales.<\/p>\n<p class=\"c4\">Cette rencontre, a-t-il soulign\u00e9 dans une d\u00e9claration \u00e0 la Map, est ax\u00e9e sur le th\u00e8me de la parit\u00e9 en politique pour l\u2019effectivit\u00e9 des droits de la femme marocaine, notamment le droit \u00e0 la participation politique, \u00e0 l\u2019acc\u00e8s aux postes de responsabilit\u00e9 et l\u2019\u00e9limination de la discrimination, en plus de l\u2019activation et du renforcement de l\u2019ensemble des m\u00e9canismes nationaux et internationaux portant sur l\u2019\u00e9galit\u00e9.<\/p>\n<p class=\"c4\">L\u2019objectif escompt\u00e9, a-t-il ajout\u00e9, est d\u2019ouvrir un d\u00e9bat au niveau de la r\u00e9gion de l\u2019Oriental sur les lois \u00e9lectorales qui ont constitu\u00e9 une occasion pour revoir le r\u00f4le et la place de la femme afin de booster sa participation politique.<\/p>\n<p class=\"c4\">De son c\u00f4t\u00e9, Amina Hakko, professeur universitaire et membre du CRDH, a mis l\u2019accent sur l\u2019importance que rev\u00eat le th\u00e8me retenu pour cette rencontre, compte tenu de l\u2019approche de la p\u00e9riode \u00e9lectorale et de l\u2019adoption des lois organiques encadrant le syst\u00e8me \u00e9lectoral.<\/p>\n<p class=\"c4\">La rencontre se veut ainsi un espace de d\u00e9bat pour examiner les nouveaut\u00e9s de ces lois \u00e0 m\u00eame de hisser la repr\u00e9sentativit\u00e9 de la femme dans les conseils \u00e9lus, a-t-elle fait savoir, notant toutefois que la parit\u00e9 ne doit se concr\u00e9tiser uniquement au niveau des conseils \u00e9lus, mais \u00e9galement dans les hautes fonctions et d\u2019autres domaines.<\/p>\n<p class=\"c4\">\u00a0\u00bbRelever le d\u00e9fi de l\u2019\u00e9galit\u00e9 et de la parit\u00e9 requiert, en plus des lois, une v\u00e9ritable volont\u00e9 politique, sans laquelle on ne peut atteindre le but recherch\u00e9\u00a0\u00bb, a conclu Mme Hakko.<\/p>\n<p class=\"c4\">Les intervenants lors de la rencontre ont pass\u00e9 en revue les r\u00e9alisations et les acquis du Maroc en mati\u00e8re des droits de la femme, notamment la cons\u00e9cration constitutionnelle du principe d\u2019\u00e9galit\u00e9 entre hommes et femmes, la cr\u00e9ation d\u2019une commission paritaire, la lutte contre toutes les formes de discrimination et la ratification de nombreux accords internationaux li\u00e9s \u00e0 la protection des droits des femmes.<\/p>\n<p class=\"c4\">Notant que la participation politique de la femme est un levier fondamental pour la construction de la d\u00e9mocratie et sa pr\u00e9servation, ils ont affirm\u00e9 que la repr\u00e9sentation des femmes en politique, qui a connu une \u00e9volution notable durant les derni\u00e8res d\u00e9cennies \u00e0 la faveur d\u2019une s\u00e9rie de mesures positives et de politiques g\u00e9n\u00e9rales conscientes de l\u2019imp\u00e9ratif de l\u2019\u00e9galit\u00e9, demeure encore en de\u00e7\u00e0 des aspirations<\/p>\n<p class=\"c4\">Ils ont ainsi \u00e9t\u00e9 unanimes \u00e0 plaider en faveur de la conjugaison des efforts des diff\u00e9rentes parties prenantes pour rem\u00e9dier aux lacunes et relever le d\u00e9fi de l\u2019\u00e9galit\u00e9 et de la parit\u00e9 en tant que choix d\u00e9mocratique et pr\u00e9lude essentiel au d\u00e9veloppement.<\/p>\n<p class=\"c4\">La question de la promotion de la parit\u00e9 en politique est d\u2019actualit\u00e9, d\u2019autant plus que la pr\u00e9sence de la gent f\u00e9minine sur la sc\u00e8ne politique n\u2019est pas encore \u00e0 la hauteur des attentes, ont-ils dit, mettant l\u2019accent \u00e0 cet \u00e9gard sur l\u2019importance d\u2019une culture soci\u00e9tale soutenant la participation f\u00e9minine, et sur le r\u00f4le que doivent jouer les partis politiques en particulier et la responsabilit\u00e9 qui leur incombe pour cr\u00e9er un saut qualitatif en mati\u00e8re de parit\u00e9.<\/p>\n<p>Auteur: Soufiane ELAHMAR<br \/>\n<a href=\"http:\/\/www.mapoujda.ma\/fr\/rencontre-a-oujda-sur-la-promotion-de-la-parite-en-politique\/\">Cliquez ici pour lire l&rsquo;article depuis sa source.<\/a><\/p>\n","protected":false},"excerpt":{"rendered":"<p>La Commission r\u00e9gionale des droits de l\u2019homme (CRDH) de l\u2019Oriental a organis\u00e9, mardi \u00e0 Oujda, une rencontre sur la parit\u00e9 en politique, en tant que fondement de l\u2019effectivit\u00e9 du droit \u00e0 l\u2019\u00e9galit\u00e9. Cette rencontre qui s\u2019inscrit dans le d\u00e9bat soci\u00e9tal sur la promotion de l\u2019acc\u00e8s des femmes aux postes politiques, a d\u00e9battu de la r\u00e9alit\u00e9 [&hellip;]<\/p>\n","protected":false},"author":1788,"featured_media":0,"comment_status":"closed","ping_status":"closed","sticky":false,"template":"","format":"standard","meta":{"fifu_image_url":"","fifu_image_alt":"","footnotes":""},"categories":[54,76],"tags":[],"class_list":["post-114049","post","type-post","status-publish","format-standard","hentry","category-maroc","category-regions"],"_links":{"self":[{"href":"https:\/\/linitiative.ca\/International\/wp-json\/wp\/v2\/posts\/114049","targetHints":{"allow":["GET"]}}],"collection":[{"href":"https:\/\/linitiative.ca\/International\/wp-json\/wp\/v2\/posts"}],"about":[{"href":"https:\/\/linitiative.ca\/International\/wp-json\/wp\/v2\/types\/post"}],"author":[{"embeddable":true,"href":"https:\/\/linitiative.ca\/International\/wp-json\/wp\/v2\/users\/1788"}],"replies":[{"embeddable":true,"href":"https:\/\/linitiative.ca\/International\/wp-json\/wp\/v2\/comments?post=114049"}],"version-history":[{"count":0,"href":"https:\/\/linitiative.ca\/International\/wp-json\/wp\/v2\/posts\/114049\/revisions"}],"wp:attachment":[{"href":"https:\/\/linitiative.ca\/International\/wp-json\/wp\/v2\/media?parent=114049"}],"wp:term":[{"taxonomy":"category","embeddable":true,"href":"https:\/\/linitiative.ca\/International\/wp-json\/wp\/v2\/categories?post=114049"},{"taxonomy":"post_tag","embeddable":true,"href":"https:\/\/linitiative.ca\/International\/wp-json\/wp\/v2\/tags?post=114049"}],"curies":[{"name":"wp","href":"https:\/\/api.w.org\/{rel}","templated":true}]}}