{"id":114053,"date":"2021-03-31T12:19:05","date_gmt":"2021-03-31T16:19:05","guid":{"rendered":"https:\/\/linitiative.ca\/International\/assurance-les-taux-dinteret-bas-un-veritable-defi\/"},"modified":"2021-03-31T12:19:05","modified_gmt":"2021-03-31T16:19:05","slug":"assurance-les-taux-dinteret-bas-un-veritable-defi","status":"publish","type":"post","link":"https:\/\/linitiative.ca\/International\/assurance-les-taux-dinteret-bas-un-veritable-defi\/","title":{"rendered":"Assurance: les taux d\u2019int\u00e9r\u00eat bas, \u00ab\u00a0un v\u00e9ritable d\u00e9fi\u00a0\u00bb"},"content":{"rendered":"<p class=\"rtejustify\">Le wali de Bank Al-Maghrib (BAM), Abdellatif Jouahri, a indiqu\u00e9, mercredi, que les taux d\u2019int\u00e9r\u00eat bas constituent un v\u00e9ritable d\u00e9fi pour le secteur de l\u2019assurance.<\/p>\n<p class=\"rtejustify\">\u00ab\u00a0Le secteur de l\u2019assurance, \u00e0 l\u2019instar des autres activit\u00e9s de la finance et de l\u2019\u00e9conomie en g\u00e9n\u00e9ral, se trouve aujourd\u2019hui face \u00e0 des changements de paradigmes et \u00e0 des mutations profondes dont certaines ont commenc\u00e9 bien avant la crise et pour d\u2019autres, celle-ci en a \u00e9t\u00e9 le catalyseur\u00a0\u00bb, a soulign\u00e9 Abdellatif Jouahri. \u00ab\u00a0L\u2019un des d\u00e9fis importants auxquels fait face l\u2019industrie de l\u2019assurance aujourd\u2019hui est le niveau bas des taux d\u2019int\u00e9r\u00eat. On l\u2019oublie ou on l\u2019ignore souvent, mais une baisse des taux n\u2019a pas que des cons\u00e9quences positives.<\/p>\n<p class=\"rtejustify\">Elle permet certes de relancer la demande et l\u2019investissement, mais a \u00e9galement un impact n\u00e9faste sur l\u2019\u00e9pargne, en particulier la petite\u00a0\u00bb, a expliqu\u00e9 Jouahri. Pour le wali de la banque centrale, cette baisse des taux d\u2019int\u00e9r\u00eat \u00ab\u00a0pourrait peser sur l\u2019\u00e9quilibre des fonds de retraite et sur la rentabilit\u00e9 des entreprises d\u2019assurance, et partant sur la stabilit\u00e9 financi\u00e8re\u00a0\u00bb.<\/p>\n<p class=\"rtejustify\">\u00a0<\/p>\n<p>Auteur: mbasraoui<br \/>\n<a href=\"https:\/\/www.leconomiste.com\/flash-infos\/assurance-les-taux-d-interet-bas-un-veritable-defi\">Cliquez ici pour lire l&rsquo;article depuis sa source.<\/a><\/p>\n","protected":false},"excerpt":{"rendered":"<p>Le wali de Bank Al-Maghrib (BAM), Abdellatif Jouahri, a indiqu\u00e9, mercredi, que les taux d\u2019int\u00e9r\u00eat bas constituent un v\u00e9ritable d\u00e9fi pour le secteur de l\u2019assurance. \u00ab\u00a0Le secteur de l\u2019assurance, \u00e0 l\u2019instar des autres activit\u00e9s de la finance et de l\u2019\u00e9conomie en g\u00e9n\u00e9ral, se trouve aujourd\u2019hui face \u00e0 des changements de paradigmes et \u00e0 des mutations [&hellip;]<\/p>\n","protected":false},"author":1763,"featured_media":0,"comment_status":"closed","ping_status":"closed","sticky":false,"template":"","format":"standard","meta":{"fifu_image_url":"","fifu_image_alt":"","footnotes":""},"categories":[78,54],"tags":[],"class_list":["post-114053","post","type-post","status-publish","format-standard","hentry","category-economie","category-maroc"],"_links":{"self":[{"href":"https:\/\/linitiative.ca\/International\/wp-json\/wp\/v2\/posts\/114053","targetHints":{"allow":["GET"]}}],"collection":[{"href":"https:\/\/linitiative.ca\/International\/wp-json\/wp\/v2\/posts"}],"about":[{"href":"https:\/\/linitiative.ca\/International\/wp-json\/wp\/v2\/types\/post"}],"author":[{"embeddable":true,"href":"https:\/\/linitiative.ca\/International\/wp-json\/wp\/v2\/users\/1763"}],"replies":[{"embeddable":true,"href":"https:\/\/linitiative.ca\/International\/wp-json\/wp\/v2\/comments?post=114053"}],"version-history":[{"count":0,"href":"https:\/\/linitiative.ca\/International\/wp-json\/wp\/v2\/posts\/114053\/revisions"}],"wp:attachment":[{"href":"https:\/\/linitiative.ca\/International\/wp-json\/wp\/v2\/media?parent=114053"}],"wp:term":[{"taxonomy":"category","embeddable":true,"href":"https:\/\/linitiative.ca\/International\/wp-json\/wp\/v2\/categories?post=114053"},{"taxonomy":"post_tag","embeddable":true,"href":"https:\/\/linitiative.ca\/International\/wp-json\/wp\/v2\/tags?post=114053"}],"curies":[{"name":"wp","href":"https:\/\/api.w.org\/{rel}","templated":true}]}}