{"id":114055,"date":"2021-03-31T15:14:05","date_gmt":"2021-03-31T19:14:05","guid":{"rendered":"https:\/\/linitiative.ca\/International\/international-real-madrid-un-grand-espoir-de-manchester-city-dans-le-viseur\/"},"modified":"2021-03-31T15:14:05","modified_gmt":"2021-03-31T19:14:05","slug":"international-real-madrid-un-grand-espoir-de-manchester-city-dans-le-viseur","status":"publish","type":"post","link":"https:\/\/linitiative.ca\/International\/international-real-madrid-un-grand-espoir-de-manchester-city-dans-le-viseur\/","title":{"rendered":"International : Real Madrid : Un grand espoir de Manchester City dans le viseur"},"content":{"rendered":"<div readability=\"32\">\n<p>Auteur : <span class=\"time\">mercredi 31 mars 2021 15:30<\/span><\/p>\n<\/div>\n<div id=\"post_core\" readability=\"40\">\n<p>Selon Les-Transferts et Fichajes, ces derniers auraient coch\u00e9 le nom de Liam Delap. \u00c2g\u00e9 de 18 ans, ce jeune talent anglais appartient \u00e0 Manchester City o\u00f9 il dispose d\u2019un contrat jusqu\u2019en juin 2023. Cette saison avec la r\u00e9serve des Skyblues, le natif de Winchester a inscrit 20 buts et d\u00e9livr\u00e9 quatre passes d\u00e9cisives en seulement 15 rencontres de championnat. Pep Guardiola compte beaucoup sur lui pour le futur. Le coach catalan lui a donn\u00e9 quelques occasions d\u2019\u00e9voluer avec les pros cette saison.<\/p>\n<p><strong>Publi\u00e9 dans :<\/strong> <span>Real<\/span> <span>Man City<\/span> <span>Delap<\/span><\/p>\n<\/div>\n<p>Auteur:<br \/>\n<a href=\"http:\/\/www.lebuteur.com\/article\/detail?titre=real-madrid-un-grand-espoir-de-manchester-city-dans-le-viseur&#038;id=99566&#038;utm_source=feedburner&#038;utm_medium=feed&#038;utm_campaign=Feed%3A+GalerieFArtciles+%28Les+derniers+articles++-+lebuteur.com%29\">Cliquez ici pour lire l&rsquo;article depuis sa source.<\/a><\/p>\n","protected":false},"excerpt":{"rendered":"<p>Auteur : mercredi 31 mars 2021 15:30 Selon Les-Transferts et Fichajes, ces derniers auraient coch\u00e9 le nom de Liam Delap. \u00c2g\u00e9 de 18 ans, ce jeune talent anglais appartient \u00e0 Manchester City o\u00f9 il dispose d\u2019un contrat jusqu\u2019en juin 2023. Cette saison avec la r\u00e9serve des Skyblues, le natif de Winchester a inscrit 20 buts [&hellip;]<\/p>\n","protected":false},"author":1738,"featured_media":0,"comment_status":"closed","ping_status":"closed","sticky":false,"template":"","format":"standard","meta":{"fifu_image_url":"\/\/cdn.lebuteur.com\/data\/images\/article\/thumbs\/large-real-madrid-un-grand-espoir-de-manchester-city-dans-le-viseur-c149a.jpg","fifu_image_alt":"International : Real Madrid : Un grand espoir de Manchester City dans le viseur","footnotes":""},"categories":[53,75],"tags":[],"class_list":["post-114055","post","type-post","status-publish","format-standard","hentry","category-algerie","category-sport"],"_links":{"self":[{"href":"https:\/\/linitiative.ca\/International\/wp-json\/wp\/v2\/posts\/114055","targetHints":{"allow":["GET"]}}],"collection":[{"href":"https:\/\/linitiative.ca\/International\/wp-json\/wp\/v2\/posts"}],"about":[{"href":"https:\/\/linitiative.ca\/International\/wp-json\/wp\/v2\/types\/post"}],"author":[{"embeddable":true,"href":"https:\/\/linitiative.ca\/International\/wp-json\/wp\/v2\/users\/1738"}],"replies":[{"embeddable":true,"href":"https:\/\/linitiative.ca\/International\/wp-json\/wp\/v2\/comments?post=114055"}],"version-history":[{"count":0,"href":"https:\/\/linitiative.ca\/International\/wp-json\/wp\/v2\/posts\/114055\/revisions"}],"wp:attachment":[{"href":"https:\/\/linitiative.ca\/International\/wp-json\/wp\/v2\/media?parent=114055"}],"wp:term":[{"taxonomy":"category","embeddable":true,"href":"https:\/\/linitiative.ca\/International\/wp-json\/wp\/v2\/categories?post=114055"},{"taxonomy":"post_tag","embeddable":true,"href":"https:\/\/linitiative.ca\/International\/wp-json\/wp\/v2\/tags?post=114055"}],"curies":[{"name":"wp","href":"https:\/\/api.w.org\/{rel}","templated":true}]}}