{"id":114056,"date":"2021-03-31T15:14:08","date_gmt":"2021-03-31T19:14:08","guid":{"rendered":"https:\/\/linitiative.ca\/International\/ligue-1-2-crb-hocine-yahi-nouveau-directeur-sportif\/"},"modified":"2021-03-31T15:14:08","modified_gmt":"2021-03-31T19:14:08","slug":"ligue-1-2-crb-hocine-yahi-nouveau-directeur-sportif","status":"publish","type":"post","link":"https:\/\/linitiative.ca\/International\/ligue-1-2-crb-hocine-yahi-nouveau-directeur-sportif\/","title":{"rendered":"Ligue 1 &amp; 2 : CRB: Hocine Yahi nouveau directeur sportif"},"content":{"rendered":"<div readability=\"32\">\n<p>Auteur : <span class=\"time\">mercredi 31 mars 2021 15:33<\/span><\/p>\n<\/div>\n<div id=\"post_core\" readability=\"72\">\n<p>L&rsquo;ancien international alg\u00e9rien Hocine Yahi, a \u00e9t\u00e9 nomm\u00e9 mardi nouveau directeur sportif du CR Belouizdad, en remplacement de Taoufik Kourichi, d\u00e9missionnaire, a annonc\u00e9 le club pensionnaire de la Ligue 1 de football . \u00ab\u00a0Le pr\u00e9sident du club Charaf-Eddine Amara a trouv\u00e9 ce mardi apr\u00e8s-midi un accord avec l&rsquo;ancien joueur vedette de l&rsquo;\u00e9quipe Hocine Yahi, pour occuper le poste de directeur sportif et de manager g\u00e9n\u00e9ral du club\u00a0\u00bb, a indiqu\u00e9 le Chabab dans un communiqu\u00e9 publi\u00e9 sur sa page officielle Facebook. La nomination de Yahi (60 ans), intervient quelques heures apr\u00e8s la d\u00e9cision de la direction de se s\u00e9parer \u00e0 l&rsquo;amiable avec l&rsquo;entra\u00eeneur fran\u00e7ais Franck Dumas, arriv\u00e9 sur le banc du champion d&rsquo;Alg\u00e9rie sortant en janvier 2020 pour un contrat de deux saisons. Yahi avait port\u00e9 les couleurs du CRB pendant douze ann\u00e9es (1978-1990), avant de tenter une courte exp\u00e9rience avec le club nord-irlandais de Linfield FC (1990-1991). Il compte 56 s\u00e9lections avec l&rsquo;\u00e9quipe nationale (8 buts). Le club alg\u00e9rois est retomb\u00e9 dans ses travers dimanche face au WAT (1-1), quelques jours apr\u00e8s le succ\u00e8s d\u00e9croch\u00e9 mercredi en d\u00e9placement face \u00e0 l&rsquo;ASO Chlef (3-1), qui est venu mettre fin \u00e0 une mauvaise s\u00e9rie de neuf matchs sans victoires, toutes comp\u00e9titions confondues. En Ligue des champions, le CRB jouera vendredi un match d\u00e9cisif au stade du 5-juillet (20h00) face aux Congolais du TP Mazembe, dans le cadre de la 5e journ\u00e9e (Gr.B) de la phase de poules.<\/p>\n<p><strong>S\u00e9paration \u00e0 l&rsquo;amiable avec l&rsquo;entra\u00eeneur Franck Dumas<\/strong><\/p>\n<p>Le CR Belouizdad a annonc\u00e9 mardi avoir trouv\u00e9 un accord pour une s\u00e9paration \u00e0 l&rsquo;amiable avec l&rsquo;entra\u00eeneur fran\u00e7ais de l&rsquo;\u00e9quipe premi\u00e8re Franck Dumas, selon un communiqu\u00e9 publi\u00e9 par le pensionnaire de la Ligue 1 de football. \u00ab\u00a0Un accord a \u00e9t\u00e9 trouv\u00e9 mardi entre la direction et l&rsquo;entra\u00eeneur Franck Dumas pour une r\u00e9siliation du contrat \u00e0 l&rsquo;amiable. Le pr\u00e9sident du Conseil d&rsquo;administration Charaf-Eddine Amara tient \u00e0 remercier Dumas pour le travail accompli depuis son arriv\u00e9e. La direction a confi\u00e9 l&rsquo;int\u00e9rim aux entra\u00eeneurs-adjoints Slimane Raho et Karim Bekhti jusqu&rsquo;\u00e0 la d\u00e9signation d&rsquo;un nouvel entra\u00eeneur\u00a0\u00bb, a indiqu\u00e9 le Chabab dans un communiqu\u00e9 publi\u00e9 sur sa page officielle Facebook. Franck Dumas (53 ans), arriv\u00e9 sur le banc du CRB en janvier 2020 pour un contrat de deux saisons, quitte le navire \u00e0 trois jours du match d\u00e9cisif face aux Congolais de TP Mazembe, vendredi au stade du 5-juillet (20h00), dans le cadre de la 5e journ\u00e9e (Gr.B) de la phase de poules de la Ligue des champions. Secou\u00e9 par une crise interne ayant d\u00e9j\u00e0 entra\u00een\u00e9 la d\u00e9mission de directeur du p\u00f4le comp\u00e9titif Taoufik Korichi, le Chabab traverse une mauvaise passe que ce soit en championnat ou en Ligue des champions. Le club alg\u00e9rois est retomb\u00e9 dans ses travers dimanche face au WAT (1-1), quelques jours apr\u00e8s le succ\u00e8s d\u00e9croch\u00e9 mercredi en d\u00e9placement face \u00e0 l&rsquo;ASO Chlef (3-1), qui est venue mettre fin \u00e0 une mauvaise s\u00e9rie de neuf matchs sans victoires, toutes comp\u00e9titions confondues. En Ligue des champions, le champion d&rsquo;Alg\u00e9rie sortant, sans la moindre victoire, occupe la 2e place au classement, en compagnie d&rsquo;Al-Hilal du Soudan avec 3 points seulement. Le TP Mazembe occupe la derni\u00e8re place (2 pts).<\/p>\n<p><strong>Publi\u00e9 dans :<\/strong> <span>Hocine Yahi<\/span><\/p>\n<\/div>\n<p>Auteur:<br \/>\n<a href=\"http:\/\/www.lebuteur.com\/article\/detail?titre=crb-hocine-yahi-nouveau-directeur-sportif&#038;id=99567&#038;utm_source=feedburner&#038;utm_medium=feed&#038;utm_campaign=Feed%3A+GalerieFArtciles+%28Les+derniers+articles++-+lebuteur.com%29\">Cliquez ici pour lire l&rsquo;article depuis sa source.<\/a><\/p>\n","protected":false},"excerpt":{"rendered":"<p>Auteur : mercredi 31 mars 2021 15:33 L&rsquo;ancien international alg\u00e9rien Hocine Yahi, a \u00e9t\u00e9 nomm\u00e9 mardi nouveau directeur sportif du CR Belouizdad, en remplacement de Taoufik Kourichi, d\u00e9missionnaire, a annonc\u00e9 le club pensionnaire de la Ligue 1 de football . \u00ab\u00a0Le pr\u00e9sident du club Charaf-Eddine Amara a trouv\u00e9 ce mardi apr\u00e8s-midi un accord avec l&rsquo;ancien [&hellip;]<\/p>\n","protected":false},"author":1738,"featured_media":0,"comment_status":"closed","ping_status":"closed","sticky":false,"template":"","format":"standard","meta":{"fifu_image_url":"\/\/cdn.lebuteur.com\/data\/images\/article\/thumbs\/large-crb-hocine-yahi-nouveau-directeur-sportif-382d6.jpg","fifu_image_alt":"Ligue 1 & 2 : CRB: Hocine Yahi nouveau directeur sportif","footnotes":""},"categories":[53,75],"tags":[],"class_list":["post-114056","post","type-post","status-publish","format-standard","hentry","category-algerie","category-sport"],"_links":{"self":[{"href":"https:\/\/linitiative.ca\/International\/wp-json\/wp\/v2\/posts\/114056","targetHints":{"allow":["GET"]}}],"collection":[{"href":"https:\/\/linitiative.ca\/International\/wp-json\/wp\/v2\/posts"}],"about":[{"href":"https:\/\/linitiative.ca\/International\/wp-json\/wp\/v2\/types\/post"}],"author":[{"embeddable":true,"href":"https:\/\/linitiative.ca\/International\/wp-json\/wp\/v2\/users\/1738"}],"replies":[{"embeddable":true,"href":"https:\/\/linitiative.ca\/International\/wp-json\/wp\/v2\/comments?post=114056"}],"version-history":[{"count":0,"href":"https:\/\/linitiative.ca\/International\/wp-json\/wp\/v2\/posts\/114056\/revisions"}],"wp:attachment":[{"href":"https:\/\/linitiative.ca\/International\/wp-json\/wp\/v2\/media?parent=114056"}],"wp:term":[{"taxonomy":"category","embeddable":true,"href":"https:\/\/linitiative.ca\/International\/wp-json\/wp\/v2\/categories?post=114056"},{"taxonomy":"post_tag","embeddable":true,"href":"https:\/\/linitiative.ca\/International\/wp-json\/wp\/v2\/tags?post=114056"}],"curies":[{"name":"wp","href":"https:\/\/api.w.org\/{rel}","templated":true}]}}