{"id":114057,"date":"2021-03-31T15:14:10","date_gmt":"2021-03-31T19:14:10","guid":{"rendered":"https:\/\/linitiative.ca\/International\/pros-linter-milan-propose-un-salaire-de-3-me-a-mandi\/"},"modified":"2021-03-31T15:14:10","modified_gmt":"2021-03-31T19:14:10","slug":"pros-linter-milan-propose-un-salaire-de-3-me-a-mandi","status":"publish","type":"post","link":"https:\/\/linitiative.ca\/International\/pros-linter-milan-propose-un-salaire-de-3-me-a-mandi\/","title":{"rendered":"Pros : L\u2019Inter Milan propose un salaire de 3 M\u20ac \u00e0 Mandi"},"content":{"rendered":"<div readability=\"32\">\n<p>Auteur : <span>Riad O.<\/span> <span class=\"time\">mercredi 31 mars 2021 18:07<\/span><\/p>\n<\/div>\n<div id=\"post_core\" readability=\"40\">\n<p>Le d\u00e9fenseur Alg\u00e9rien du B\u00e9tis S\u00e9ville, Aissa Mandi serait dans le viseur du leader de la S\u00e9rie A, l\u2019Inter Milan. Selon le m\u00e9dia espagnol, eldesmarque, les Nerazzurri auraient propos\u00e9 un salaire de 3 millions d\u2019euros \u00e0 Mandi pour le convaincre de rejoindre le club italien. Pour rappel, le contrat de Mandi avec le Real B\u00e9tis arrive \u00e0 terme en juin prochain.<\/p>\n<p><span class=\"c2\"><strong>Riad O.<\/strong><\/span><\/p>\n<p><strong>Publi\u00e9 dans :<\/strong> <span>Mandi<\/span><\/p>\n<\/div>\n<p>Auteur:<br \/>\n<a href=\"http:\/\/www.lebuteur.com\/article\/detail?titre=linter-milan-propose-un-salaire-de-3-m%E2%82%AC-a-mandi&#038;id=99568&#038;utm_source=feedburner&#038;utm_medium=feed&#038;utm_campaign=Feed%3A+GalerieFArtciles+%28Les+derniers+articles++-+lebuteur.com%29\">Cliquez ici pour lire l&rsquo;article depuis sa source.<\/a><\/p>\n","protected":false},"excerpt":{"rendered":"<p>Auteur : Riad O. mercredi 31 mars 2021 18:07 Le d\u00e9fenseur Alg\u00e9rien du B\u00e9tis S\u00e9ville, Aissa Mandi serait dans le viseur du leader de la S\u00e9rie A, l\u2019Inter Milan. Selon le m\u00e9dia espagnol, eldesmarque, les Nerazzurri auraient propos\u00e9 un salaire de 3 millions d\u2019euros \u00e0 Mandi pour le convaincre de rejoindre le club italien. Pour [&hellip;]<\/p>\n","protected":false},"author":1738,"featured_media":0,"comment_status":"closed","ping_status":"closed","sticky":false,"template":"","format":"standard","meta":{"fifu_image_url":"\/\/cdn.lebuteur.com\/data\/images\/article\/thumbs\/large-linter-milan-propose-un-salaire-de-3-m\u20ac-a-mandi-c2ed4.jpg","fifu_image_alt":"Pros : L\u2019Inter Milan propose un salaire de 3 M\u20ac \u00e0 Mandi","footnotes":""},"categories":[53,75],"tags":[],"class_list":["post-114057","post","type-post","status-publish","format-standard","hentry","category-algerie","category-sport"],"_links":{"self":[{"href":"https:\/\/linitiative.ca\/International\/wp-json\/wp\/v2\/posts\/114057","targetHints":{"allow":["GET"]}}],"collection":[{"href":"https:\/\/linitiative.ca\/International\/wp-json\/wp\/v2\/posts"}],"about":[{"href":"https:\/\/linitiative.ca\/International\/wp-json\/wp\/v2\/types\/post"}],"author":[{"embeddable":true,"href":"https:\/\/linitiative.ca\/International\/wp-json\/wp\/v2\/users\/1738"}],"replies":[{"embeddable":true,"href":"https:\/\/linitiative.ca\/International\/wp-json\/wp\/v2\/comments?post=114057"}],"version-history":[{"count":0,"href":"https:\/\/linitiative.ca\/International\/wp-json\/wp\/v2\/posts\/114057\/revisions"}],"wp:attachment":[{"href":"https:\/\/linitiative.ca\/International\/wp-json\/wp\/v2\/media?parent=114057"}],"wp:term":[{"taxonomy":"category","embeddable":true,"href":"https:\/\/linitiative.ca\/International\/wp-json\/wp\/v2\/categories?post=114057"},{"taxonomy":"post_tag","embeddable":true,"href":"https:\/\/linitiative.ca\/International\/wp-json\/wp\/v2\/tags?post=114057"}],"curies":[{"name":"wp","href":"https:\/\/api.w.org\/{rel}","templated":true}]}}