{"id":114058,"date":"2021-03-31T15:14:12","date_gmt":"2021-03-31T19:14:12","guid":{"rendered":"https:\/\/linitiative.ca\/International\/pros-halaimia-prolonge-son-contrat-avec-beerschot-jusquen-2023\/"},"modified":"2021-03-31T15:14:12","modified_gmt":"2021-03-31T19:14:12","slug":"pros-halaimia-prolonge-son-contrat-avec-beerschot-jusquen-2023","status":"publish","type":"post","link":"https:\/\/linitiative.ca\/International\/pros-halaimia-prolonge-son-contrat-avec-beerschot-jusquen-2023\/","title":{"rendered":"Pros : Hala\u00efmia prolonge son contrat avec Beerschot jusqu\u2019en 2023"},"content":{"rendered":"<div readability=\"32\">\n<p>Auteur : <span>Riad O.<\/span> <span class=\"time\">mercredi 31 mars 2021 18:15<\/span><\/p>\n<\/div>\n<div id=\"post_core\" readability=\"37\">\n<p>Le d\u00e9fenseur Alg\u00e9rien, R\u00e9da Hala\u00efmia a prolong\u00e9 son contrat avec son club de Beerschot jusqu\u2019en 2023. L\u2019ancien joueur du MCO a disput\u00e9 17 rencontres avec son club cette saison. Rappelons qu\u2019avec 44 points, la formation de Beerschot occupe actuellement la septi\u00e8me place en Jupiler Pro League.<\/p>\n<p><span class=\"c2\"><strong>Riad O.<\/strong><\/span><\/p>\n<p><strong>Publi\u00e9 dans :<\/strong> <span>Hala\u00efmia<\/span><\/p>\n<\/div>\n<p>Auteur:<br \/>\n<a href=\"http:\/\/www.lebuteur.com\/article\/detail?titre=halaimia-prolonge-son-contrat-avec-beerschot-jusquen-2023&#038;id=99569&#038;utm_source=feedburner&#038;utm_medium=feed&#038;utm_campaign=Feed%3A+GalerieFArtciles+%28Les+derniers+articles++-+lebuteur.com%29\">Cliquez ici pour lire l&rsquo;article depuis sa source.<\/a><\/p>\n","protected":false},"excerpt":{"rendered":"<p>Auteur : Riad O. mercredi 31 mars 2021 18:15 Le d\u00e9fenseur Alg\u00e9rien, R\u00e9da Hala\u00efmia a prolong\u00e9 son contrat avec son club de Beerschot jusqu\u2019en 2023. L\u2019ancien joueur du MCO a disput\u00e9 17 rencontres avec son club cette saison. Rappelons qu\u2019avec 44 points, la formation de Beerschot occupe actuellement la septi\u00e8me place en Jupiler Pro League. [&hellip;]<\/p>\n","protected":false},"author":1738,"featured_media":0,"comment_status":"closed","ping_status":"closed","sticky":false,"template":"","format":"standard","meta":{"fifu_image_url":"\/\/cdn.lebuteur.com\/data\/images\/article\/thumbs\/large-halaimia-prolonge-son-contrat-avec-beerschot-jusquen-2023-13323.jpg","fifu_image_alt":"Pros : Hala\u00efmia prolonge son contrat avec Beerschot jusqu\u2019en 2023","footnotes":""},"categories":[53,75],"tags":[],"class_list":["post-114058","post","type-post","status-publish","format-standard","hentry","category-algerie","category-sport"],"_links":{"self":[{"href":"https:\/\/linitiative.ca\/International\/wp-json\/wp\/v2\/posts\/114058","targetHints":{"allow":["GET"]}}],"collection":[{"href":"https:\/\/linitiative.ca\/International\/wp-json\/wp\/v2\/posts"}],"about":[{"href":"https:\/\/linitiative.ca\/International\/wp-json\/wp\/v2\/types\/post"}],"author":[{"embeddable":true,"href":"https:\/\/linitiative.ca\/International\/wp-json\/wp\/v2\/users\/1738"}],"replies":[{"embeddable":true,"href":"https:\/\/linitiative.ca\/International\/wp-json\/wp\/v2\/comments?post=114058"}],"version-history":[{"count":0,"href":"https:\/\/linitiative.ca\/International\/wp-json\/wp\/v2\/posts\/114058\/revisions"}],"wp:attachment":[{"href":"https:\/\/linitiative.ca\/International\/wp-json\/wp\/v2\/media?parent=114058"}],"wp:term":[{"taxonomy":"category","embeddable":true,"href":"https:\/\/linitiative.ca\/International\/wp-json\/wp\/v2\/categories?post=114058"},{"taxonomy":"post_tag","embeddable":true,"href":"https:\/\/linitiative.ca\/International\/wp-json\/wp\/v2\/tags?post=114058"}],"curies":[{"name":"wp","href":"https:\/\/api.w.org\/{rel}","templated":true}]}}