{"id":114059,"date":"2021-03-31T15:14:15","date_gmt":"2021-03-31T19:14:15","guid":{"rendered":"https:\/\/linitiative.ca\/International\/ligue-1-2-jsk-reprise-mercredi-avec-un-effectif-au-complet\/"},"modified":"2021-03-31T15:14:15","modified_gmt":"2021-03-31T19:14:15","slug":"ligue-1-2-jsk-reprise-mercredi-avec-un-effectif-au-complet","status":"publish","type":"post","link":"https:\/\/linitiative.ca\/International\/ligue-1-2-jsk-reprise-mercredi-avec-un-effectif-au-complet\/","title":{"rendered":"Ligue 1 &amp; 2 : JSK: reprise mercredi, avec un effectif au complet"},"content":{"rendered":"<div readability=\"32\">\n<p>Auteur : <span>APS<\/span> <span class=\"time\">mercredi 31 mars 2021 18:43<\/span><\/p>\n<\/div>\n<div id=\"post_core\" readability=\"50\">\n<p>La Jeunesse Sportive de Kabylie a repris le chemin des entra\u00eenements mercredi, au stade du 1er-Novembre de Tizi-Ouzou, moins de 24 heures apr\u00e8s avoir remport\u00e9 son match en retard contre RC Relizane (1-0), pour la mise \u00e0 jours de la 14e journ\u00e9e. Les Canaris ne disposent en effet que de deux jours (mercredi et jeudi) pour pr\u00e9parer leur prochain match de la Coupe de la Conf\u00e9d\u00e9ration contre les Marocains de l&rsquo;US Berkane pr\u00e9vu dimanche prochain, car ils doivent se mettre au vert d\u00e8s vendredi \u00e0 Alger, avant de se rendre au Maroc, le lendemain, samedi. Ainsi, le coach Denis Lavagne et ses poulains ont voulu profiter au maximum de ces deux jours de pr\u00e9paration, surtout qu&rsquo;ils ambitionnent de r\u00e9ussir un bon r\u00e9sultat chez le tenant du titre. Premi\u00e8re bonne nouvelle pour les Canaris dans cette perspective, le fait que la reprise des entra\u00eenements se soit faite \u00ab\u00a0avec un effectif au grand complet\u00a0\u00bb, car aucune blessure n&rsquo;a eu \u00e9t\u00e9 \u00e0 d\u00e9plorer lors du pr\u00e9c\u00e9dent match face au RCR. Une disponibilit\u00e9 de diff\u00e9rents atouts, offensifs et d\u00e9fensifs, qui permettra \u00e0 l&rsquo;entra\u00eeneur fran\u00e7ais de varier ses choix, en mettant diff\u00e9rentes options \u00e0 sa disposition. En Coupe de la Conf\u00e9d\u00e9ration, la JSK occupe la t\u00eate du groupe B avec 4 points gr\u00e2ce \u00e0 une victoire contre les Camerounais de Coton sport (1-0) et un nul (2-2) \u00e0 Lusaka face aux Zambiens de NAPSA Stars. Le RS Berkane partage la deuxi\u00e8me place avec Coton sport (3 points). NAPSA est lanterne rouge (1pt).<\/p>\n<p><strong>Publi\u00e9 dans :<\/strong> <span>JSK<\/span><\/p>\n<\/div>\n<p>Auteur:<br \/>\n<a href=\"http:\/\/www.lebuteur.com\/article\/detail?titre=jsk-reprise-mercredi-avec-un-effectif-au-complet&#038;id=99570&#038;utm_source=feedburner&#038;utm_medium=feed&#038;utm_campaign=Feed%3A+GalerieFArtciles+%28Les+derniers+articles++-+lebuteur.com%29\">Cliquez ici pour lire l&rsquo;article depuis sa source.<\/a><\/p>\n","protected":false},"excerpt":{"rendered":"<p>Auteur : APS mercredi 31 mars 2021 18:43 La Jeunesse Sportive de Kabylie a repris le chemin des entra\u00eenements mercredi, au stade du 1er-Novembre de Tizi-Ouzou, moins de 24 heures apr\u00e8s avoir remport\u00e9 son match en retard contre RC Relizane (1-0), pour la mise \u00e0 jours de la 14e journ\u00e9e. Les Canaris ne disposent en [&hellip;]<\/p>\n","protected":false},"author":1738,"featured_media":0,"comment_status":"closed","ping_status":"closed","sticky":false,"template":"","format":"standard","meta":{"fifu_image_url":"\/\/cdn.lebuteur.com\/data\/images\/article\/thumbs\/large-jsk-reprise-mercredi-avec-un-effectif-au-complet-9da54.jpg","fifu_image_alt":"Ligue 1 & 2 : JSK: reprise mercredi, avec un effectif au complet","footnotes":""},"categories":[53,75],"tags":[],"class_list":["post-114059","post","type-post","status-publish","format-standard","hentry","category-algerie","category-sport"],"_links":{"self":[{"href":"https:\/\/linitiative.ca\/International\/wp-json\/wp\/v2\/posts\/114059","targetHints":{"allow":["GET"]}}],"collection":[{"href":"https:\/\/linitiative.ca\/International\/wp-json\/wp\/v2\/posts"}],"about":[{"href":"https:\/\/linitiative.ca\/International\/wp-json\/wp\/v2\/types\/post"}],"author":[{"embeddable":true,"href":"https:\/\/linitiative.ca\/International\/wp-json\/wp\/v2\/users\/1738"}],"replies":[{"embeddable":true,"href":"https:\/\/linitiative.ca\/International\/wp-json\/wp\/v2\/comments?post=114059"}],"version-history":[{"count":0,"href":"https:\/\/linitiative.ca\/International\/wp-json\/wp\/v2\/posts\/114059\/revisions"}],"wp:attachment":[{"href":"https:\/\/linitiative.ca\/International\/wp-json\/wp\/v2\/media?parent=114059"}],"wp:term":[{"taxonomy":"category","embeddable":true,"href":"https:\/\/linitiative.ca\/International\/wp-json\/wp\/v2\/categories?post=114059"},{"taxonomy":"post_tag","embeddable":true,"href":"https:\/\/linitiative.ca\/International\/wp-json\/wp\/v2\/tags?post=114059"}],"curies":[{"name":"wp","href":"https:\/\/api.w.org\/{rel}","templated":true}]}}