{"id":114061,"date":"2021-03-31T14:17:45","date_gmt":"2021-03-31T18:17:45","guid":{"rendered":"https:\/\/linitiative.ca\/International\/sahara-occidental-occupe-les-enfants-sahraouis-engages-dans-les-pires-formes-de-travail-dans-les-territoires-occupes\/"},"modified":"2021-03-31T14:17:45","modified_gmt":"2021-03-31T18:17:45","slug":"sahara-occidental-occupe-les-enfants-sahraouis-engages-dans-les-pires-formes-de-travail-dans-les-territoires-occupes","status":"publish","type":"post","link":"https:\/\/linitiative.ca\/International\/sahara-occidental-occupe-les-enfants-sahraouis-engages-dans-les-pires-formes-de-travail-dans-les-territoires-occupes\/","title":{"rendered":"Sahara Occidental occup\u00e9 : Les enfants sahraouis engag\u00e9s dans les \u00ab\u00a0pires formes\u00a0\u00bb de travail dans les territoires occup\u00e9s"},"content":{"rendered":"<h4 class=\"title-14\"\/>\n<p>Les enfants du Sahara occidental sont engag\u00e9s dans les \u00a0\u00bb pires formes\u00a0\u00bb de travail des mineurs dans les territoires occup\u00e9s, a indiqu\u00e9 le d\u00e9partement d\u2019Etat am\u00e9ricain, pointant du doigt le Maroc qui persiste dans sa surveillance excessive des personnes soutenant le droit des Sahraouis \u00e0 l\u2019autod\u00e9termination.<\/p>\n<p>Les lois relatives \u00e0 l\u2019\u00e2ge minimum d\u2019admission des enfants au travail, (en vigueur en Maroc et impos\u00e9es au Sahara occidental occup\u00e9) \u00ab\u00a0ne respectent pas les normes internationales et les programmes gouvernementaux qui ciblent le travail des enfants n\u2019ont pas pleinement r\u00e9solu le probl\u00e8me\u00a0\u00bb, rel\u00e8ve le rapport 2020 du D\u00e9partement d\u2019Etat sur la situation des droits de l\u2019homme dans le monde, rendu public mardi \u00e0 Washington.<\/p>\n<p>Le document souligne que \u00ab\u00a0les enfants du Sahara occidental sont engag\u00e9s dans les pires formes de travail, y compris dans l\u2019agriculture et le travail domestique forc\u00e9\u00a0\u00bb.<\/p>\n<p>Sur un autre chapitre, celui de la libert\u00e9 d\u00c6expression, le d\u00e9partement d\u2019Etat rappelle que le Haut-commissariat des Nations unies aux droits de l\u00c6homme (HCDH) \u00ab\u00a0demeure pr\u00e9occup\u00e9 par les informations faisant \u00e9tat d\u2019une surveillance excessive des d\u00e9fenseurs des droits de l\u00c6homme et des journalistes au Sahara occidental\u00a0\u00bb. EN 2020, le HCDH a \u00ab\u00a0continu\u00e9 de recevoir des informations faisant \u00e9tat de harc\u00e8lement et d\u2019arrestations arbitraires de journalistes, blogueurs et d\u00e9fenseurs des droits de l\u2019homme couvrant des violations des droits de l\u2019homme\u00a0\u00bb dans les territoires occup\u00e9s\u00a0\u00bb.<\/p>\n<p>Le rapport note que les deux ONG, Amnesty International et Human Right Watch (HRW), ont mis en lumi\u00e8re des dizaines de cas dans lesquels la libert\u00e9 d\u2019expression \u00e9tait restreinte.<\/p>\n<p>Amnesty a fait \u00e9tat de restrictions arbitraires persistantes sur le droit \u00e0 la libert\u00e9 de r\u00e9union et d\u2019association pacifiques, en particulier des personnes soutenant le droit du peuple du Sahara occidental \u00e0 l\u00c6autod\u00e9termination.<\/p>\n<p>La m\u00eame ONG, a rapport\u00e9 que les autorit\u00e9s marocaines rejetaient r\u00e9guli\u00e8rement les demandes d\u2019enregistrement des groupes de d\u00e9fense des droits humains sahraouis. Le 2 janvier, les autorit\u00e9s marocaines ont emp\u00each\u00e9 des repr\u00e9sentants d\u2019ONG sahraouies de c\u00e9l\u00e9brer la r\u00e9ception par la militante Aminatou Haidar du prix Right Livelihood Award 2019, rappelle le d\u00e9partement d\u2019Antony Blinken.<\/p>\n<p>Les autorit\u00e9s ont refus\u00e9 aux militants l\u2019acc\u00e8s aux lieux et ont forc\u00e9 toutes les personnes pr\u00e9sentes \u00e0 quitter le si\u00e8ge de l\u2019Association sahraouie des victimes de graves violations des droits de l\u2019homme commises par les autorit\u00e9s marocaines \u00e0 Laayoune occup\u00e9e. == Des conditions de d\u00e9tention inhabituellement dures == S\u2019agissant des conditions carc\u00e9rales, le rapport qui s\u2019appuie sur les t\u00e9moignages de certains militants des droits de l\u2019homme, affirme que \u00ab\u00a0l\u2019administration p\u00e9nitentiaire r\u00e9servait un traitement plus s\u00e9v\u00e8re notamment aux personnes soutenant l\u2019ind\u00e9pendance du Sahara occidental\u00a0\u00bb.<\/p>\n<p>Citant des familles de d\u00e9tenus sahraouis, le d\u00e9partement d\u2019Etat affirme que ces prisonniers ont confront\u00e9es \u00e0 \u00ab\u00a0des conditions de d\u00e9tention inhabituellement dures\u00a0\u00bb.<\/p>\n<p>Selon le Centre Robert Kennedy, pour les droits de l\u2019homme, au 15 mai, le journaliste et militant sahraoui Mohamed al-Bambary \u00e9tait d\u00e9tenu avec 45 autres prisonniers dans une cellule exigu\u00eb. Il est rapport\u00e9 aussi que les autorit\u00e9s de l\u2019occupation ont refus\u00e9 le droit de visite dans certains cas.<\/p>\n<p>Le rapport am\u00e9ricain, constate \u00e9galement que \u00ab\u00a0la prison locale de Dakhla (occup\u00e9e) restait surpeupl\u00e9e et insuffisamment \u00e9quip\u00e9e pour offrir des conditions de vie appropri\u00e9es aux d\u00e9tenus\u00a0\u00bb.<\/p>\n<p>Le SG de l\u2019ONU dans son rapport de septembre sur le Sahara occidental, a indiqu\u00e9 que le HCDH avait re\u00e7u des informations faisant \u00e9tat de violations des droits de l\u2019homme perp\u00e9tr\u00e9es par des responsables gouvernementaux marocains contre des Sahraouis.<\/p>\n<p>Les organisations internationales et locales de d\u00e9fense des droits de l\u2019homme (au Sahara occidental) ont affirm\u00e9 que les autorit\u00e9s avaient rejet\u00e9 de nombreuses plaintes pour abus et se sont uniquement appuy\u00e9es sur les d\u00e9clarations de la police.<\/p>\n<p>Les responsables gouvernementaux n\u2019ont g\u00e9n\u00e9ralement pas fourni d\u2019informations sur l\u2019issue des plaintes, d\u00e9plore le d\u00e9partement d\u2019Etat.<\/p>\n<p>Selon des m\u00e9dias et des militants des droits de l\u2019homme, les r\u00e9sultats des proc\u00e8s en lien notamment avec l\u2019autod\u00e9termination du Sahara occidental, \u00ab\u00a0paraissaient parfois pr\u00e9d\u00e9termin\u00e9s\u00a0\u00bb.<\/p>\n<p>Tel a \u00e9t\u00e9 le cas dans le simulacre de proc\u00e8s des 23 Sahraouis arr\u00eat\u00e9s lors du d\u00e9mant\u00e8lement brutal du camp de Gdeim Izik en 2010.<\/p>\n<p>A ce sujet, le rapport du D\u00e9partement d\u2019Etat, rappelle que HRW a fait part, le 9 novembre, de ses \u00ab\u00a0inqui\u00e9tudes quant au fait qu\u2019un verdict ant\u00e9rieur (de l\u2019ann\u00e9e 2013) ait \u00e9t\u00e9 rendu sur la base d\u2019informations obtenues sous la torture\u00a0\u00bb.<\/p>\n<p>Des ONG, comme Amnesty International et des organisations sahraouies, ont affirm\u00e9 que le gouvernement marocain avait emprisonn\u00e9 des personnes pour des activit\u00e9s ou des convictions politiques sous couvert d\u2019accusations criminelles.<\/p>\n<p>Le rapport annuel de HRW soulignait que \u00ab\u00a0les autorit\u00e9s ont continu\u00e9 \u00e0 cibler, poursuivre, emprisonner et harceler de mani\u00e8re s\u00e9lective les voix critiques, et appliquer diverses lois r\u00e9pressives, notamment relatives aux libert\u00e9s individuelles\u00a0\u00bb, souligne le d\u00e9partement d\u2019Etat.<\/p>\n<p>Aussi, ajoute le m\u00eame rapport, les autorit\u00e9s marocaines se sont introduites aux domiciles sans autorisation judiciaire, ont employ\u00e9 des informateurs et ont surveill\u00e9, sans proc\u00e9dure l\u00e9gale, les mouvements personnels et les communications priv\u00e9es \u2013 y compris les courriels, messagerie texte ou autres communications num\u00e9riques. Les Sahraouis, sont la cible privil\u00e9gi\u00e9e de ces pratiques.<\/p>\n<p>Se r\u00e9f\u00e9rant aux diverses ONG, le d\u00e9partement d\u2019Etat rapporte que \u00ab\u00a0le gouvernement a fr\u00e9quemment pirat\u00e9 les comptes de m\u00e9dias sociaux de journalistes et de blogueurs sahraouis\u00a0\u00bb.<\/p>\n<p><span class=\"post-views-label\">Post Views:<\/span> <span class=\"post-views-count\">152<\/span><\/p>\n<p><br class=\"c2\"\/><\/p>\n<div class=\"ichhar-moneytagnative c5\" id=\"ichhar-419036280\">\n<p>Advertisements<\/p>\n<\/div>\n<p><br class=\"c2\"\/><br \/>\n<br class=\"c6\"\/><br \/>\nAuteur: Mohand Yahiaoui<br \/>\n<a href=\"https:\/\/www.elwatan.com\/edition\/international\/sahara-occidental-occupe-les-enfants-sahraouis-engages-dans-les-pires-formes-de-travail-dans-les-territoires-occupes-31-03-2021\">Cliquez ici pour lire l&rsquo;article depuis sa source.<\/a><\/p>\n","protected":false},"excerpt":{"rendered":"<p>Les enfants du Sahara occidental sont engag\u00e9s dans les \u00a0\u00bb pires formes\u00a0\u00bb de travail des mineurs dans les territoires occup\u00e9s, a indiqu\u00e9 le d\u00e9partement d\u2019Etat am\u00e9ricain, pointant du doigt le Maroc qui persiste dans sa surveillance excessive des personnes soutenant le droit des Sahraouis \u00e0 l\u2019autod\u00e9termination. Les lois relatives \u00e0 l\u2019\u00e2ge minimum d\u2019admission des enfants [&hellip;]<\/p>\n","protected":false},"author":1743,"featured_media":0,"comment_status":"closed","ping_status":"closed","sticky":false,"template":"","format":"standard","meta":{"fifu_image_url":"","fifu_image_alt":"","footnotes":""},"categories":[73,53],"tags":[],"class_list":["post-114061","post","type-post","status-publish","format-standard","hentry","category-actualite","category-algerie"],"_links":{"self":[{"href":"https:\/\/linitiative.ca\/International\/wp-json\/wp\/v2\/posts\/114061","targetHints":{"allow":["GET"]}}],"collection":[{"href":"https:\/\/linitiative.ca\/International\/wp-json\/wp\/v2\/posts"}],"about":[{"href":"https:\/\/linitiative.ca\/International\/wp-json\/wp\/v2\/types\/post"}],"author":[{"embeddable":true,"href":"https:\/\/linitiative.ca\/International\/wp-json\/wp\/v2\/users\/1743"}],"replies":[{"embeddable":true,"href":"https:\/\/linitiative.ca\/International\/wp-json\/wp\/v2\/comments?post=114061"}],"version-history":[{"count":0,"href":"https:\/\/linitiative.ca\/International\/wp-json\/wp\/v2\/posts\/114061\/revisions"}],"wp:attachment":[{"href":"https:\/\/linitiative.ca\/International\/wp-json\/wp\/v2\/media?parent=114061"}],"wp:term":[{"taxonomy":"category","embeddable":true,"href":"https:\/\/linitiative.ca\/International\/wp-json\/wp\/v2\/categories?post=114061"},{"taxonomy":"post_tag","embeddable":true,"href":"https:\/\/linitiative.ca\/International\/wp-json\/wp\/v2\/tags?post=114061"}],"curies":[{"name":"wp","href":"https:\/\/api.w.org\/{rel}","templated":true}]}}