{"id":114062,"date":"2021-03-31T05:24:00","date_gmt":"2021-03-31T09:24:00","guid":{"rendered":"https:\/\/linitiative.ca\/International\/chedli-trifa-un-pionnier-de-la-statistique-tunisienne-est-decede\/"},"modified":"2021-03-31T05:24:00","modified_gmt":"2021-03-31T09:24:00","slug":"chedli-trifa-un-pionnier-de-la-statistique-tunisienne-est-decede","status":"publish","type":"post","link":"https:\/\/linitiative.ca\/International\/chedli-trifa-un-pionnier-de-la-statistique-tunisienne-est-decede\/","title":{"rendered":"Chedli Trifa, un pionnier de la statistique tunisienne, est d\u00e9c\u00e9d\u00e9"},"content":{"rendered":"<p>La statistique tunisienne perd avec la disparition tard dans la nuit du mardi, de Chedli Trifa, l\u2019un de ses illustres pionniers. Aux c\u00f4t\u00e9s de Abdessalem Kamoun, son camarade d\u2019\u00e9tudes en Tunisie et \u00e0 Paris, il avait contribu\u00e9 \u00e0 jeter les fondements de l\u2019appareil statistique au lendemain de l\u2019ind\u00e9pendance<\/p>\n<p>Ensemble, ils sont revenus \u00e0 Tunis et ont rejoint les services de la statistique, relevant du secr\u00e9tariat d\u2019\u00c9tat au Plan et aux Finances, chacun charg\u00e9 d\u2019un dossier de premi\u00e8re importance. Abdessalem Kamoun s\u2019investira dans les enqu\u00eates agricoles, puis les enqu\u00eates sur la consommation, alors que Chedli Trifa sera embarqu\u00e9 sur la d\u00e9mographie et tous ces recensements de la population et de l\u2019habitat, avec ce qui s\u2019ensuit. Ensemble, ils veilleront, avec le concours d\u2019autres camarades de promotion \u00e0 l\u2019Ensae, \u00e0 la mise au point d\u2019un syst\u00e8me tunisien moderne de statistiques. Ils seront la cheville ouvri\u00e8re pour la cr\u00e9ation de l\u2019INS, et contribueront \u00e0 la formation et l\u2019encadrement des nouvelles g\u00e9n\u00e9rations passionn\u00e9es par le secteur<\/p>\n<p>Ensemble, ils partageront, chacun de son c\u00f4t\u00e9, leur expertise au profit de nombreux pays arabes et africains.<\/p>\n<p>Chedli Trifa laisse le souvenir d\u2019un \u00e9minent statisticien, doubl\u00e9 d\u2019un d\u00e9mographe de renomm\u00e9e internationale.<\/p>\n<p>Allah Yerhamou<\/p>\n<p><strong>Lire aussi<\/strong><\/p>\n<p><a href=\"https:\/\/www.leaders.com.tn\/article\/31642-chedli-trifa-abdessalem-kamoun-nous-lui-devons-beaucoup\" target=\"_blank\" rel=\"noopener\">Lorsque Chedli Trifa, aujourd&rsquo;hui disparu, rendait un hommage posthume \u00e0 Abdessalem Kamoun (Vid\u00e9o)<\/a><\/p>\n<p class=\"MsoNormal\">\u00a0<\/p>\n<p>Auteur:<br \/>\n<a href=\"https:\/\/www.leaders.com.tn\/article\/31643-chedli-trifa-un-pionnier-de-la-statistique-tunisienne-est-decede\">Cliquez ici pour lire l&rsquo;article depuis sa source.<\/a><\/p>\n","protected":false},"excerpt":{"rendered":"<p>La statistique tunisienne perd avec la disparition tard dans la nuit du mardi, de Chedli Trifa, l\u2019un de ses illustres pionniers. Aux c\u00f4t\u00e9s de Abdessalem Kamoun, son camarade d\u2019\u00e9tudes en Tunisie et \u00e0 Paris, il avait contribu\u00e9 \u00e0 jeter les fondements de l\u2019appareil statistique au lendemain de l\u2019ind\u00e9pendance Ensemble, ils sont revenus \u00e0 Tunis et [&hellip;]<\/p>\n","protected":false},"author":1772,"featured_media":0,"comment_status":"closed","ping_status":"closed","sticky":false,"template":"","format":"standard","meta":{"fifu_image_url":"","fifu_image_alt":"","footnotes":""},"categories":[73,55],"tags":[],"class_list":["post-114062","post","type-post","status-publish","format-standard","hentry","category-actualite","category-tunisie"],"_links":{"self":[{"href":"https:\/\/linitiative.ca\/International\/wp-json\/wp\/v2\/posts\/114062","targetHints":{"allow":["GET"]}}],"collection":[{"href":"https:\/\/linitiative.ca\/International\/wp-json\/wp\/v2\/posts"}],"about":[{"href":"https:\/\/linitiative.ca\/International\/wp-json\/wp\/v2\/types\/post"}],"author":[{"embeddable":true,"href":"https:\/\/linitiative.ca\/International\/wp-json\/wp\/v2\/users\/1772"}],"replies":[{"embeddable":true,"href":"https:\/\/linitiative.ca\/International\/wp-json\/wp\/v2\/comments?post=114062"}],"version-history":[{"count":0,"href":"https:\/\/linitiative.ca\/International\/wp-json\/wp\/v2\/posts\/114062\/revisions"}],"wp:attachment":[{"href":"https:\/\/linitiative.ca\/International\/wp-json\/wp\/v2\/media?parent=114062"}],"wp:term":[{"taxonomy":"category","embeddable":true,"href":"https:\/\/linitiative.ca\/International\/wp-json\/wp\/v2\/categories?post=114062"},{"taxonomy":"post_tag","embeddable":true,"href":"https:\/\/linitiative.ca\/International\/wp-json\/wp\/v2\/tags?post=114062"}],"curies":[{"name":"wp","href":"https:\/\/api.w.org\/{rel}","templated":true}]}}