{"id":114063,"date":"2021-03-31T10:33:00","date_gmt":"2021-03-31T14:33:00","guid":{"rendered":"https:\/\/linitiative.ca\/International\/deces-du-journaliste-amor-nekhili\/"},"modified":"2021-03-31T10:33:00","modified_gmt":"2021-03-31T14:33:00","slug":"deces-du-journaliste-amor-nekhili","status":"publish","type":"post","link":"https:\/\/linitiative.ca\/International\/deces-du-journaliste-amor-nekhili\/","title":{"rendered":"D\u00e9c\u00e8s du journaliste Amor Nekhili"},"content":{"rendered":"<p>On apprend le d\u00e9c\u00e8s\u00a0 de l&rsquo;ancien directeur du bureau du Bureau d&rsquo;information de l&rsquo;ONU \u00e0 Tunis, le journaliste Amor Nekhili.<\/p>\n<p>Avant d&rsquo;occuper ce poste, le d\u00e9funt avait fait sa carri\u00e8re dans la presse \u00e9crite en Tunisie et en France notamment \u00e0 La Presse et \u00e0\u00a0 Jeune Afrique.\u00a0<\/p>\n<p>Qu&rsquo;il repose en paix.<\/p>\n<p>Auteur:<br \/>\n<a href=\"https:\/\/www.leaders.com.tn\/article\/31644-deces-du-journaliste-amor-nkhli\">Cliquez ici pour lire l&rsquo;article depuis sa source.<\/a><\/p>\n","protected":false},"excerpt":{"rendered":"<p>On apprend le d\u00e9c\u00e8s\u00a0 de l&rsquo;ancien directeur du bureau du Bureau d&rsquo;information de l&rsquo;ONU \u00e0 Tunis, le journaliste Amor Nekhili. Avant d&rsquo;occuper ce poste, le d\u00e9funt avait fait sa carri\u00e8re dans la presse \u00e9crite en Tunisie et en France notamment \u00e0 La Presse et \u00e0\u00a0 Jeune Afrique.\u00a0 Qu&rsquo;il repose en paix. Auteur: Cliquez ici pour [&hellip;]<\/p>\n","protected":false},"author":1772,"featured_media":0,"comment_status":"closed","ping_status":"closed","sticky":false,"template":"","format":"standard","meta":{"fifu_image_url":"","fifu_image_alt":"","footnotes":""},"categories":[73,55],"tags":[],"class_list":["post-114063","post","type-post","status-publish","format-standard","hentry","category-actualite","category-tunisie"],"_links":{"self":[{"href":"https:\/\/linitiative.ca\/International\/wp-json\/wp\/v2\/posts\/114063","targetHints":{"allow":["GET"]}}],"collection":[{"href":"https:\/\/linitiative.ca\/International\/wp-json\/wp\/v2\/posts"}],"about":[{"href":"https:\/\/linitiative.ca\/International\/wp-json\/wp\/v2\/types\/post"}],"author":[{"embeddable":true,"href":"https:\/\/linitiative.ca\/International\/wp-json\/wp\/v2\/users\/1772"}],"replies":[{"embeddable":true,"href":"https:\/\/linitiative.ca\/International\/wp-json\/wp\/v2\/comments?post=114063"}],"version-history":[{"count":0,"href":"https:\/\/linitiative.ca\/International\/wp-json\/wp\/v2\/posts\/114063\/revisions"}],"wp:attachment":[{"href":"https:\/\/linitiative.ca\/International\/wp-json\/wp\/v2\/media?parent=114063"}],"wp:term":[{"taxonomy":"category","embeddable":true,"href":"https:\/\/linitiative.ca\/International\/wp-json\/wp\/v2\/categories?post=114063"},{"taxonomy":"post_tag","embeddable":true,"href":"https:\/\/linitiative.ca\/International\/wp-json\/wp\/v2\/tags?post=114063"}],"curies":[{"name":"wp","href":"https:\/\/api.w.org\/{rel}","templated":true}]}}