{"id":114064,"date":"2021-03-31T11:41:00","date_gmt":"2021-03-31T15:41:00","guid":{"rendered":"https:\/\/linitiative.ca\/International\/mohamed-ennaceur-revient-a-carthage-dedicacer-son-livre-au-president-saied\/"},"modified":"2021-03-31T11:41:00","modified_gmt":"2021-03-31T15:41:00","slug":"mohamed-ennaceur-revient-a-carthage-dedicacer-son-livre-au-president-saied","status":"publish","type":"post","link":"https:\/\/linitiative.ca\/International\/mohamed-ennaceur-revient-a-carthage-dedicacer-son-livre-au-president-saied\/","title":{"rendered":"Mohamed Ennaceur revient \u00e0 Carthage\u2026 d\u00e9dicacer son livre au Pr\u00e9sident Sa\u00efed"},"content":{"rendered":"<p>\u00c9mouvantes retrouvailles ce mercredi \u00e0 midi entre le pr\u00e9sident Kais Sa\u00efed et l\u2019ancien pr\u00e9sident de la R\u00e9publique par int\u00e9rim, Mohamed Ennaceur. L\u2019occasion leur en a \u00e9t\u00e9 offerte \u00e0 la faveur de la parution des m\u00e9moires de M.\u00a0Ennaceur qu\u2019il a tenu \u00e0 lui d\u00e9dicacer. Dans une marque particuli\u00e8re d\u2019attention, le pr\u00e9sident Sa\u00efed a voulu recevoir son h\u00f4te, avec des honneurs ponctu\u00e9s et tapis rouge, \u00e0 l\u2019entr\u00e9e. Puis, \u00e0 l\u2019issue de l\u2019entretien, \u00e0 poursuivre leurs \u00e9changes sur la terrasse donnant sur la baie de Tunis, avant de le raccompagner jusqu&rsquo;\u00e0 sa voiture.<\/p>\n<p>\u00ab J&rsquo;ai tenu \u00e0 vous recevoir ici-m\u00eame comme vous l&rsquo;aviez fait pour moi, avec un accueil digne d&rsquo;un acncien chef d&rsquo;Etat. Je me rem\u00e9more aujourd\u2019hui notre rencontre le 23 octobre 2019, une journ\u00e9e historique, a commenc\u00e9 par dire le pr\u00e9sident Sa\u00efed. Aujourd\u2019hui aussi, c\u2019est un moment historique, s\u2019agissant de recevoir un chef d\u2019\u00c9tat qui avait assum\u00e9 de hautes charges dans des circonstances tr\u00e8s difficiles. Nous continuons \u00e0 assurer notre charge avec la m\u00eame d\u00e9termination et le m\u00eame engagement, dans une conjoncture difficile.\u00a0 Nous \u0153uvrerons avec tous les sinc\u00e8res, comme vous, pour pr\u00e9munir l\u2019\u00c9tat contre les soubresauts. L\u2019\u00c9tat continuera. Je suis tr\u00e8s heureux de l\u2019excellent choix de titre de vos m\u00e9moires, \u2018\u2019Deux R\u00e9publiques, une Tunisie\u2019\u2019. Les R\u00e9publiques peuvent se succ\u00e9der, mais, la Tunisie restera unique. Il n\u2019y a qu\u2019une Tunisie, suffisamment large pour accueillir tous ses enfants.<\/p>\n<p>C\u2019est la premi\u00e8re fois depuis plus de 18 mois, que Mohamed Ennaceur retrouve de nouveau le palais de Carthage et rencontre le nouveau pr\u00e9sident \u00e9lu, Kais Sa\u00efed. Leurs derniers entretiens remontent en effet au 23 octobre 2019, lors de la c\u00e9r\u00e9monie de passations des pouvoirs. \u00ab\u00a0Vous serez toujours le bienvenu, ici\u00a0!\u00bb lui avait alors lanc\u00e9 le pr\u00e9sident Sa\u00efed, en le raccompagnant. C\u2019est chose faite. Ils ont gard\u00e9 d\u2019excellentes relations, mutuellement respectueuses.<\/p>\n<p>Apprenant que Mohamed Ennaceur avait eu un malaise, le 17 mars dernier, le pr\u00e9sident Sa\u00efed, \u00e0 peine rentr\u00e9 de Tripoli, s\u2019\u00e9tait rendu \u00e0 son chevet s\u2019enqu\u00e9rir de son \u00e9tat de sant\u00e9. Un geste qui a \u00e9t\u00e9 hautement appr\u00e9ci\u00e9.<br \/>\u00a0<\/p>\n<p class=\"c2\"><iframe loading=\"lazy\" src=\"https:\/\/www.facebook.com\/plugins\/video.php?height=314&amp;href=https%3A%2F%2Fwww.facebook.com%2FPresidence.tn%2Fvideos%2F909098113220960%2F&amp;show_text=false&amp;width=560\" class=\"c3\" scrolling=\"no\" allowfullscreen=\"true\" allow=\"autoplay; clipboard-write; encrypted-media; picture-in-picture; web-share\" width=\"560\" height=\"314\" frameborder=\"0\">[embedded content]<\/iframe><\/p>\n<p>Auteur:<br \/>\n<a href=\"https:\/\/www.leaders.com.tn\/article\/31645-mohamed-ennaceur-revient-a-carthage-dedicacer-son-livre-au-president-saied\">Cliquez ici pour lire l&rsquo;article depuis sa source.<\/a><\/p>\n","protected":false},"excerpt":{"rendered":"<p>\u00c9mouvantes retrouvailles ce mercredi \u00e0 midi entre le pr\u00e9sident Kais Sa\u00efed et l\u2019ancien pr\u00e9sident de la R\u00e9publique par int\u00e9rim, Mohamed Ennaceur. L\u2019occasion leur en a \u00e9t\u00e9 offerte \u00e0 la faveur de la parution des m\u00e9moires de M.\u00a0Ennaceur qu\u2019il a tenu \u00e0 lui d\u00e9dicacer. Dans une marque particuli\u00e8re d\u2019attention, le pr\u00e9sident Sa\u00efed a voulu recevoir son [&hellip;]<\/p>\n","protected":false},"author":1772,"featured_media":0,"comment_status":"closed","ping_status":"closed","sticky":false,"template":"","format":"standard","meta":{"fifu_image_url":"","fifu_image_alt":"","footnotes":""},"categories":[73,55],"tags":[],"class_list":["post-114064","post","type-post","status-publish","format-standard","hentry","category-actualite","category-tunisie"],"_links":{"self":[{"href":"https:\/\/linitiative.ca\/International\/wp-json\/wp\/v2\/posts\/114064","targetHints":{"allow":["GET"]}}],"collection":[{"href":"https:\/\/linitiative.ca\/International\/wp-json\/wp\/v2\/posts"}],"about":[{"href":"https:\/\/linitiative.ca\/International\/wp-json\/wp\/v2\/types\/post"}],"author":[{"embeddable":true,"href":"https:\/\/linitiative.ca\/International\/wp-json\/wp\/v2\/users\/1772"}],"replies":[{"embeddable":true,"href":"https:\/\/linitiative.ca\/International\/wp-json\/wp\/v2\/comments?post=114064"}],"version-history":[{"count":0,"href":"https:\/\/linitiative.ca\/International\/wp-json\/wp\/v2\/posts\/114064\/revisions"}],"wp:attachment":[{"href":"https:\/\/linitiative.ca\/International\/wp-json\/wp\/v2\/media?parent=114064"}],"wp:term":[{"taxonomy":"category","embeddable":true,"href":"https:\/\/linitiative.ca\/International\/wp-json\/wp\/v2\/categories?post=114064"},{"taxonomy":"post_tag","embeddable":true,"href":"https:\/\/linitiative.ca\/International\/wp-json\/wp\/v2\/tags?post=114064"}],"curies":[{"name":"wp","href":"https:\/\/api.w.org\/{rel}","templated":true}]}}