{"id":114073,"date":"2021-03-31T12:00:34","date_gmt":"2021-03-31T16:00:34","guid":{"rendered":"https:\/\/linitiative.ca\/International\/covid-19-la-responsabilite-des-individus\/"},"modified":"2021-03-31T12:00:34","modified_gmt":"2021-03-31T16:00:34","slug":"covid-19-la-responsabilite-des-individus","status":"publish","type":"post","link":"https:\/\/linitiative.ca\/International\/covid-19-la-responsabilite-des-individus\/","title":{"rendered":"Covid-19 : la responsabilit\u00e9 des individus"},"content":{"rendered":"<p><strong>Nul ne peut me taxer de complaisance vis-\u00e0-vis de la gestion de la crise du Covid. J\u2019ai m\u00eame \u00e9t\u00e9 parmi les plus critiques, parfois \u00e0 tort, surtout quand les h\u00f4pitaux \u00e9taient submerg\u00e9s et qu\u2019une pancr\u00e9atite aigu\u00eb ne pouvait pas trouver de lit, m\u00eame au priv\u00e9.<\/strong><\/p>\n<div class=\"c10\">\n<\/div>\n<p>Mais depuis, nous avons r\u00e9ussi \u00e0 r\u00e9duire les cas de contamination, des morts, \u00e0 soulager les h\u00f4pitaux. La vaccination a plut\u00f4t bien fonctionn\u00e9, m\u00eame si les d\u00e9lais annonc\u00e9s ne seront pas tenus parce que ce sont les fabricants qui font le march\u00e9 et que nous ne serons pas immunis\u00e9s collectivement \u00e0 fin mai, parce que les doses ne suivent pas. Avec un plateau \u00e0 400 cas par jour, notre structure hospitali\u00e8re peut tenir ind\u00e9finiment, en attendant la vaccination g\u00e9n\u00e9rale.<\/p>\n<p><strong>Lire aussi | <a href=\"https:\/\/www.challenge.ma\/credit-agricole-du-maroc-nouveau-produit-de-tresorerie-180134\/\" target=\"_blank\" rel=\"noreferrer noopener\">Cr\u00e9dit Agricole du Maroc : nouveau produit de tr\u00e9sorerie<\/a><\/strong><\/p>\n<p>Oui, mais il y a les variants et le rel\u00e2chement quasi-g\u00e9n\u00e9ralis\u00e9. Le R.O. est \u00e0 1,06, c\u2019est-\u00e0-dire que le taux de contamination s\u2019appr\u00eate \u00e0 devenir exponentiel. Le variant britannique est d\u00e9j\u00e0 l\u00e0 de mani\u00e8re\u00a0significative, les autres arriveront. Si toutes choses restent en l\u2019\u00e9tat, nous serons submerg\u00e9s dans dix \u00e0 quinze semaines et nous serons oblig\u00e9s de confiner, alors que d\u2019autres ouvrent. Il y a un moyen d\u2019\u00e9viter ce sc\u00e9nario catastrophe. Il faut acc\u00e9l\u00e9rer la vaccination, mais cela ne d\u00e9pend pas uniquement de nos d\u00e9cideurs.<\/p>\n<p><strong>Lire aussi | <a href=\"https:\/\/www.challenge.ma\/bmci-accelere-sa-strategie-transformation-digitale-180105\/\" target=\"_blank\" rel=\"noreferrer noopener\">BMCI acc\u00e9l\u00e8re sa strat\u00e9gie transformation digitale<\/a><\/strong><\/p>\n<p>Mais, c\u2019est \u00e0 nous citoyens, en respectant les mesures pr\u00e9ventives, d\u2019\u00e9viter une perte de libert\u00e9 aggrav\u00e9e. Ce qui se passe est dangereux, les f\u00eates familiales, les rassemblements, nous donneront des clusters, avec les variants c\u2019est la certitude d\u2019une extension, peut-\u00eatre, exponentielle. C\u2019est aux citoyens de choisir. S\u2019ils veulent jouer leurs libert\u00e9s \u00e0 la roulette, grand bien leur fasse.<\/p>\n<p>Auteur: challenge<br \/>\n<a href=\"https:\/\/www.challenge.ma\/covid-19-la-responsabilite-des-individus-180153\/\">Cliquez ici pour lire l&rsquo;article depuis sa source.<\/a><\/p>\n","protected":false},"excerpt":{"rendered":"<p>Nul ne peut me taxer de complaisance vis-\u00e0-vis de la gestion de la crise du Covid. J\u2019ai m\u00eame \u00e9t\u00e9 parmi les plus critiques, parfois \u00e0 tort, surtout quand les h\u00f4pitaux \u00e9taient submerg\u00e9s et qu\u2019une pancr\u00e9atite aigu\u00eb ne pouvait pas trouver de lit, m\u00eame au priv\u00e9. Mais depuis, nous avons r\u00e9ussi \u00e0 r\u00e9duire les cas de [&hellip;]<\/p>\n","protected":false},"author":1787,"featured_media":0,"comment_status":"closed","ping_status":"closed","sticky":false,"template":"","format":"standard","meta":{"fifu_image_url":"","fifu_image_alt":"","footnotes":""},"categories":[78,54],"tags":[],"class_list":["post-114073","post","type-post","status-publish","format-standard","hentry","category-economie","category-maroc"],"_links":{"self":[{"href":"https:\/\/linitiative.ca\/International\/wp-json\/wp\/v2\/posts\/114073","targetHints":{"allow":["GET"]}}],"collection":[{"href":"https:\/\/linitiative.ca\/International\/wp-json\/wp\/v2\/posts"}],"about":[{"href":"https:\/\/linitiative.ca\/International\/wp-json\/wp\/v2\/types\/post"}],"author":[{"embeddable":true,"href":"https:\/\/linitiative.ca\/International\/wp-json\/wp\/v2\/users\/1787"}],"replies":[{"embeddable":true,"href":"https:\/\/linitiative.ca\/International\/wp-json\/wp\/v2\/comments?post=114073"}],"version-history":[{"count":0,"href":"https:\/\/linitiative.ca\/International\/wp-json\/wp\/v2\/posts\/114073\/revisions"}],"wp:attachment":[{"href":"https:\/\/linitiative.ca\/International\/wp-json\/wp\/v2\/media?parent=114073"}],"wp:term":[{"taxonomy":"category","embeddable":true,"href":"https:\/\/linitiative.ca\/International\/wp-json\/wp\/v2\/categories?post=114073"},{"taxonomy":"post_tag","embeddable":true,"href":"https:\/\/linitiative.ca\/International\/wp-json\/wp\/v2\/tags?post=114073"}],"curies":[{"name":"wp","href":"https:\/\/api.w.org\/{rel}","templated":true}]}}