{"id":114074,"date":"2021-03-31T15:15:00","date_gmt":"2021-03-31T19:15:00","guid":{"rendered":"https:\/\/linitiative.ca\/International\/relance-touristique-amzazi-mise-sur-les-formations-professionnelles-et-les-soft-skills\/"},"modified":"2021-03-31T15:15:00","modified_gmt":"2021-03-31T19:15:00","slug":"relance-touristique-amzazi-mise-sur-les-formations-professionnelles-et-les-soft-skills","status":"publish","type":"post","link":"https:\/\/linitiative.ca\/International\/relance-touristique-amzazi-mise-sur-les-formations-professionnelles-et-les-soft-skills\/","title":{"rendered":"Relance touristique :  Amzazi mise sur les formations professionnelles et les soft skills"},"content":{"rendered":"<p><strong>Selon Saa\u00efd Amzazi, ministre de l\u2019Education nationale, les formations en milieu professionnel et l\u2019enseignement des soft skills et des langues \u00e9trang\u00e8res sont parmi les moyens pr\u00e9conis\u00e9s pour le d\u00e9veloppement du secteur touristique.<br \/><\/strong><br \/>\u00ab\u00a0Conform\u00e9ment aux recommandations pr\u00e9conis\u00e9es par la nouvelle feuille de route de la formation professionnelle, la priorit\u00e9 sera donn\u00e9e aux formations en milieu professionnel, en alternance ou par apprentissage, \u00e0 l\u2019enseignement des soft skills et des langues \u00e9trang\u00e8res, \u00e0 la formation au num\u00e9rique et \u00e0 la sensibilisation \u00e0 l\u2019entrepreneuriat\u00a0\u00bb, a pr\u00e9cis\u00e9 Saa\u00efd Amzazi lors d\u2019un s\u00e9minaire le 31 mars sur le th\u00e8me \u00ab\u00a0Investir dans le capital humain pour relever les d\u00e9fis et accompagner les ambitions du secteur du tourisme\u00a0\u00bb.<\/p>\n<p>Le ministre a ainsi appel\u00e9 les formateurs et les professionnels du tourisme \u00e0 s\u2019appuyer sur un capital humain fort qui soit \u00e0 la hauteur des ambitions du secteur, rappelant que le secteur du tourisme constitue le premier contributeur \u00e0 la balance des paiements, le deuxi\u00e8me contributeur au PIB national et le deuxi\u00e8me secteur pourvoyeur d\u2019emplois. \u00ab\u00a0Autant dire que l\u2019\u00e9conomie de notre pays est directement tributaire de ce moteur qu\u2019est le secteur touristique, et par voie de cons\u00e9quence, de la qualit\u00e9 de la formation du capital humain \u0153uvrant dans ce secteur\u00a0\u00bb,a-t-il ajout\u00e9.<\/p>\n<div class=\"c10\">\n<\/div>\n<p><strong>Lire aussi| <a href=\"https:\/\/www.challenge.ma\/credit-agricole-du-maroc-nouveau-produit-de-tresorerie-180134\/\">Cr\u00e9dit Agricole du Maroc : nouveau produit de tr\u00e9sorerie<\/a><\/strong><\/p>\n<p>De son c\u00f4t\u00e9, la ministre du Tourisme, de l\u2019Artisanat, du Transport a\u00e9rien et de l\u2019Economie sociale, Nadia Fettah Alaoui, a indiqu\u00e9 que le secteur du tourisme, \u00e0 l\u2019instar de la majorit\u00e9 des secteurs du service, repose sur la qualit\u00e9 de l\u2019exp\u00e9rience client, notant que cette exp\u00e9rience est fortement corr\u00e9l\u00e9e \u00e0 la qualit\u00e9 des ressources humaines et leurs qualifications. \u00ab\u00a0Aujourd\u2019hui et compte tenue de la forte concurrence touristique, aussi bien continentale qu\u2019internationale, nous devons am\u00e9liorer notre dispositif de formation et unir nos efforts pour r\u00e9pondre aux plus hauts standards d\u2019excellence et de qualit\u00e9\u00a0\u00bb, a-t-elle soulign\u00e9. La ministre a, \u00e0 cet \u00e9gard, rappel\u00e9 que ladite feuille de route vise la r\u00e9forme du syst\u00e8me de formation nationale et l\u2019\u00e9mergence d\u2019une nouvelle g\u00e9n\u00e9ration d\u2019\u00e9tablissements de formation professionnelle, impliquant le secteur priv\u00e9 et r\u00e9pondant aux besoins du march\u00e9 en profils et en comp\u00e9tences. \u00ab\u00a0Ce n\u2019est qu\u2019\u00e0 travers un partenariat entre le public et le priv\u00e9 que nous pourrons relever les d\u00e9fis et les enjeux du secteur\u00a0\u00bb, a insist\u00e9 Nadia Fettah Alaoui.<\/p>\n<p><strong>Lire aussi| <a href=\"https:\/\/www.challenge.ma\/bmci-accelere-sa-strategie-transformation-digitale-180105\/\">BMCI acc\u00e9l\u00e8re sa strat\u00e9gie transformation digitale<\/a><\/strong><\/p>\n<p>\u00ab\u00a0L\u2019am\u00e9lioration du dispositif de formation dans toutes ses formes et notamment dans les m\u00e9tiers du tourisme et de l\u2019h\u00f4tellerie sera la pierre angulaire du d\u00e9veloppement de la comp\u00e9titivit\u00e9 des entreprises touristiques nationales\u00a0\u00bb, a-t-elle soutenu. Pour sa part, Chakib Alj, pr\u00e9sident de la CGEM, a aussi mis en avant l\u2019importance majeure du capital humain, particuli\u00e8rement dans le secteur touristique, relevant que la CGEM, \u00e0 travers ses membres, finance le syst\u00e8me de formation professionnelle initiale et continue. Organis\u00e9 par le minist\u00e8re de l\u2019Education nationale, de l\u2019Enseignement sup\u00e9rieur, de la Formation professionnelle et de la Recherche scientifique et le minist\u00e8re du Tourisme, de l\u2019Artisanat, du Transport a\u00e9rien et de l\u2019Economie sociale, ce s\u00e9minaire s\u2019inscrit dans le cadre de la mise en \u0153uvre de la feuille de route pour le d\u00e9veloppement de la formation professionnelle.<\/p>\n<p>Auteur: challenge<br \/>\n<a href=\"https:\/\/www.challenge.ma\/relance-touristique-amzazi-mise-sur-les-formations-professionnelles-et-les-soft-skills-180166\/\">Cliquez ici pour lire l&rsquo;article depuis sa source.<\/a><\/p>\n","protected":false},"excerpt":{"rendered":"<p>Selon Saa\u00efd Amzazi, ministre de l\u2019Education nationale, les formations en milieu professionnel et l\u2019enseignement des soft skills et des langues \u00e9trang\u00e8res sont parmi les moyens pr\u00e9conis\u00e9s pour le d\u00e9veloppement du secteur touristique.\u00ab\u00a0Conform\u00e9ment aux recommandations pr\u00e9conis\u00e9es par la nouvelle feuille de route de la formation professionnelle, la priorit\u00e9 sera donn\u00e9e aux formations en milieu professionnel, en [&hellip;]<\/p>\n","protected":false},"author":1787,"featured_media":0,"comment_status":"closed","ping_status":"closed","sticky":false,"template":"","format":"standard","meta":{"fifu_image_url":"","fifu_image_alt":"","footnotes":""},"categories":[78,54],"tags":[],"class_list":["post-114074","post","type-post","status-publish","format-standard","hentry","category-economie","category-maroc"],"_links":{"self":[{"href":"https:\/\/linitiative.ca\/International\/wp-json\/wp\/v2\/posts\/114074","targetHints":{"allow":["GET"]}}],"collection":[{"href":"https:\/\/linitiative.ca\/International\/wp-json\/wp\/v2\/posts"}],"about":[{"href":"https:\/\/linitiative.ca\/International\/wp-json\/wp\/v2\/types\/post"}],"author":[{"embeddable":true,"href":"https:\/\/linitiative.ca\/International\/wp-json\/wp\/v2\/users\/1787"}],"replies":[{"embeddable":true,"href":"https:\/\/linitiative.ca\/International\/wp-json\/wp\/v2\/comments?post=114074"}],"version-history":[{"count":0,"href":"https:\/\/linitiative.ca\/International\/wp-json\/wp\/v2\/posts\/114074\/revisions"}],"wp:attachment":[{"href":"https:\/\/linitiative.ca\/International\/wp-json\/wp\/v2\/media?parent=114074"}],"wp:term":[{"taxonomy":"category","embeddable":true,"href":"https:\/\/linitiative.ca\/International\/wp-json\/wp\/v2\/categories?post=114074"},{"taxonomy":"post_tag","embeddable":true,"href":"https:\/\/linitiative.ca\/International\/wp-json\/wp\/v2\/tags?post=114074"}],"curies":[{"name":"wp","href":"https:\/\/api.w.org\/{rel}","templated":true}]}}